{"id":2144,"date":"2018-05-22T16:55:35","date_gmt":"2018-05-22T14:55:35","guid":{"rendered":"http:\/\/agora.xtec.cat\/ceip-catalunya-sabadell\/?p=2144"},"modified":"2018-05-22T16:58:37","modified_gmt":"2018-05-22T14:58:37","slug":"cursa-sabadell-corre-pels-nens","status":"publish","type":"post","link":"https:\/\/agora.xtec.cat\/ceip-catalunya-sabadell\/general\/cursa-sabadell-corre-pels-nens\/","title":{"rendered":"CURSA SABADELL CORRE PELS NENS"},"content":{"rendered":"<div>Benvolgudes fam\u00edlies,<\/div>\n<div><\/div>\n<div>enguany som m\u00e9s de 100 persones les que des de l&#8217;escola participem en aquesta festa que tindr\u00e0 lloc el proper diumenge 27 de maig al Parc Taul\u00ed, tot un \u00e8xit!!!<\/div>\n<div><\/div>\n<div>Recordeu que, si hi ha alguna fam\u00edlia que encara no us heu apuntat, podeu fer-ho de manera presencial a secretaria fins el DIMCECRES 23 DE MAIG (incl\u00f2s). Aquest dia queden tancades les inscripcions presencials i ja nom\u00e9s es podran fer inscripcions on-line en aquest link:<\/div>\n<div><\/div>\n<div><a href=\"https:\/\/www.rockthesport.com\/es\/evento\/sabadellcorrepelsnens3\" target=\"_blank\" rel=\"noopener noreferrer\"><img alt=\"\" \/>https:\/\/www.rockthesport.com\/es\/evento\/sabadellcorrepelsnens3\u00a0<\/a>\u00a0 \u00a0 (fins dijous a les 24h)<\/div>\n<div><\/div>\n<div>Les persones que heu d&#8217;anar a recollir les samarretes i els dorsals, ho podeu fer els seg\u00fcents dies:<\/div>\n<div><\/div>\n<div>&#8211; Divendres 25 de maig, de 16 a 20h<\/div>\n<div>&#8211; Dissabte 26 de maig, de 9 del mat\u00ed a 20h<\/div>\n<div>&#8211; Diumenge 27 de maig, de 8 a 9.30h<\/div>\n<div><\/div>\n<div>Totes les entregues seran al Parc Taul\u00ed, en cas de pluja es faran a l&#8217;entrada de l&#8217;Hospital Taul\u00ed.<\/div>\n<div><\/div>\n<div>IMPORTANT: el diumenge DIA DE LA CURSA, tots els components de l&#8217;equip de l&#8217;escola ens trobarem a les\u00a0<u>9.30h a LA TORRE DE L&#8217;AIGUA<\/u>\u00a0, per anar tots junts a preparar-nos a la sortida.<\/div>\n<div><\/div>\n<div>El diumenge, entre tots i totes, col\u00b7laborarem amb l&#8217;objectiu d&#8217;aquesta gran festa solid\u00e0ria:<\/div>\n<div><\/div>\n<div><\/div>\n<div><span style=\"color: #0000ff\"><b>\u00a0 \u00a0 \u00a0 \u00a0 \u00a0 \u00a0 \u00a0 \u00a0 \u00a0 \u00a0 \u00a0 \u00a0 \u00a0 \u00a0 FER UNA ONADA DE PETITS SOMRIURES<\/b><\/span><\/div>\n<div><\/div>\n<div><\/div>\n<div><img decoding=\"async\" src=\"http:\/\/www.unaonadadepetitssomriures.cat\/wp-content\/uploads\/2018\/03\/Sabadell-corre-pels-nens_OnadaPetitsSomriures-1024x766.jpg\" alt=\"Resultat d'imatges de sabadell corre pels nens 2018\" \/><\/div>\n<div><\/div>\n","protected":false},"excerpt":{"rendered":"<p>Benvolgudes fam\u00edlies,<\/p>\n<p>enguany som m\u00e9s de 100 persones les que des de l&#8217;escola participem en aquesta festa que tindr\u00e0 lloc el proper diumenge 27 de maig al Parc Taul\u00ed, tot un \u00e8xit!!!<\/p>\n<p>Recordeu que, si hi ha alguna fam\u00edlia que encara no us heu apuntat, podeu fer-ho&hellip;  <a href=\"https:\/\/agora.xtec.cat\/ceip-catalunya-sabadell\/general\/cursa-sabadell-corre-pels-nens\/\" title=\"Read CURSA SABADELL CORRE PELS NENS\">Llegeix m\u00e9s\u00bb<\/a><\/p>\n","protected":false},"author":22,"featured_media":2147,"comment_status":"open","ping_status":"closed","sticky":false,"template":"","format":"standard","meta":{"_bbp_topic_count":0,"_bbp_reply_count":0,"_bbp_total_topic_count":0,"_bbp_total_reply_count":0,"_bbp_voice_count":0,"_bbp_anonymous_reply_count":0,"_bbp_topic_count_hidden":0,"_bbp_reply_count_hidden":0,"_bbp_forum_subforum_count":0,"footnotes":""},"categories":[1,4],"tags":[],"class_list":["post-2144","post","type-post","status-publish","format-standard","has-post-thumbnail","hentry","category-general","category-portada"],"post_mailing_queue_ids":[],"_links":{"self":[{"href":"https:\/\/agora.xtec.cat\/ceip-catalunya-sabadell\/wp-json\/wp\/v2\/posts\/2144","targetHints":{"allow":["GET"]}}],"collection":[{"href":"https:\/\/agora.xtec.cat\/ceip-catalunya-sabadell\/wp-json\/wp\/v2\/posts"}],"about":[{"href":"https:\/\/agora.xtec.cat\/ceip-catalunya-sabadell\/wp-json\/wp\/v2\/types\/post"}],"author":[{"embeddable":true,"href":"https:\/\/agora.xtec.cat\/ceip-catalunya-sabadell\/wp-json\/wp\/v2\/users\/22"}],"replies":[{"embeddable":true,"href":"https:\/\/agora.xtec.cat\/ceip-catalunya-sabadell\/wp-json\/wp\/v2\/comments?post=2144"}],"version-history":[{"count":2,"href":"https:\/\/agora.xtec.cat\/ceip-catalunya-sabadell\/wp-json\/wp\/v2\/posts\/2144\/revisions"}],"predecessor-version":[{"id":2146,"href":"https:\/\/agora.xtec.cat\/ceip-catalunya-sabadell\/wp-json\/wp\/v2\/posts\/2144\/revisions\/2146"}],"wp:featuredmedia":[{"embeddable":true,"href":"https:\/\/agora.xtec.cat\/ceip-catalunya-sabadell\/wp-json\/wp\/v2\/media\/2147"}],"wp:attachment":[{"href":"https:\/\/agora.xtec.cat\/ceip-catalunya-sabadell\/wp-json\/wp\/v2\/media?parent=2144"}],"wp:term":[{"taxonomy":"category","embeddable":true,"href":"https:\/\/agora.xtec.cat\/ceip-catalunya-sabadell\/wp-json\/wp\/v2\/categories?post=2144"},{"taxonomy":"post_tag","embeddable":true,"href":"https:\/\/agora.xtec.cat\/ceip-catalunya-sabadell\/wp-json\/wp\/v2\/tags?post=2144"}],"curies":[{"name":"wp","href":"https:\/\/api.w.org\/{rel}","templated":true}]}}