{"id":2101,"date":"2018-05-11T14:01:37","date_gmt":"2018-05-11T12:01:37","guid":{"rendered":"http:\/\/agora.xtec.cat\/ceip-catalunya-sabadell\/?p=2101"},"modified":"2018-05-11T14:01:37","modified_gmt":"2018-05-11T12:01:37","slug":"representacio-de-titelles","status":"publish","type":"post","link":"https:\/\/agora.xtec.cat\/ceip-catalunya-sabadell\/general\/representacio-de-titelles\/","title":{"rendered":"Representaci\u00f3 de Titelles"},"content":{"rendered":"<p>Benvolguts pares i mares,<\/p>\n<p>Aquest cap de setmana els nens i nenes de 1r hauran d\u2019aprendre de mem\u00f2ria el text del personatge que els ha tocat representar. Al mateix temps cal que comencin aplicar els consells que les mestres els hem donat a l\u2019hora de posar-ho en pr\u00e0ctica en veu alta. \u00c9s a dir, un to de veu alt, bona pronunciaci\u00f3, ritme tranquil, etc.<\/p>\n<p>Si alg\u00fa ha perdut el text el pot descarregar clicant en el seg\u00fcent enlla\u00e7.<\/p>\n<p><a href=\"http:\/\/agora.xtec.cat\/ceip-catalunya-sabadell\/wp-content\/uploads\/usu823\/2018\/05\/La-rateta-que-llegia-a-lescaleta.docx\">La rateta que llegia a l&#8217;escaleta<\/a><\/p>\n<p><a href=\"http:\/\/agora.xtec.cat\/ceip-catalunya-sabadell\/wp-content\/uploads\/usu823\/2018\/05\/El-gat-amb-xancles.docx\">El gat amb xancles<\/a><\/p>\n<p><a href=\"http:\/\/agora.xtec.cat\/ceip-catalunya-sabadell\/wp-content\/uploads\/usu823\/2018\/05\/Els-quatre-porquets.docx\">Els quatre porquets<\/a><\/p>\n<p><a href=\"http:\/\/agora.xtec.cat\/ceip-catalunya-sabadell\/wp-content\/uploads\/usu823\/2018\/05\/La-Caputxeta-vermella.docx\">La Caputxeta vermella<\/a><\/p>\n<p>Moltes gr\u00e0cies,<\/p>\n<p>Les tutores de 1r.<\/p>\n","protected":false},"excerpt":{"rendered":"<p>Benvolguts pares i mares,<br \/>\nAquest cap de setmana els nens i nenes de 1r hauran d\u2019aprendre de mem\u00f2ria el text del personatge que els ha tocat representar. Al mateix temps cal que comencin aplicar els consells que les mestres els hem donat a l\u2019hora de posar-ho&hellip;  <a href=\"https:\/\/agora.xtec.cat\/ceip-catalunya-sabadell\/general\/representacio-de-titelles\/\" title=\"Read Representaci\u00f3 de Titelles\">Llegeix m\u00e9s\u00bb<\/a><\/p>\n","protected":false},"author":26,"featured_media":0,"comment_status":"open","ping_status":"closed","sticky":false,"template":"","format":"standard","meta":{"_bbp_topic_count":0,"_bbp_reply_count":0,"_bbp_total_topic_count":0,"_bbp_total_reply_count":0,"_bbp_voice_count":0,"_bbp_anonymous_reply_count":0,"_bbp_topic_count_hidden":0,"_bbp_reply_count_hidden":0,"_bbp_forum_subforum_count":0,"footnotes":""},"categories":[1],"tags":[],"class_list":["post-2101","post","type-post","status-publish","format-standard","hentry","category-general"],"post_mailing_queue_ids":[],"_links":{"self":[{"href":"https:\/\/agora.xtec.cat\/ceip-catalunya-sabadell\/wp-json\/wp\/v2\/posts\/2101","targetHints":{"allow":["GET"]}}],"collection":[{"href":"https:\/\/agora.xtec.cat\/ceip-catalunya-sabadell\/wp-json\/wp\/v2\/posts"}],"about":[{"href":"https:\/\/agora.xtec.cat\/ceip-catalunya-sabadell\/wp-json\/wp\/v2\/types\/post"}],"author":[{"embeddable":true,"href":"https:\/\/agora.xtec.cat\/ceip-catalunya-sabadell\/wp-json\/wp\/v2\/users\/26"}],"replies":[{"embeddable":true,"href":"https:\/\/agora.xtec.cat\/ceip-catalunya-sabadell\/wp-json\/wp\/v2\/comments?post=2101"}],"version-history":[{"count":2,"href":"https:\/\/agora.xtec.cat\/ceip-catalunya-sabadell\/wp-json\/wp\/v2\/posts\/2101\/revisions"}],"predecessor-version":[{"id":2107,"href":"https:\/\/agora.xtec.cat\/ceip-catalunya-sabadell\/wp-json\/wp\/v2\/posts\/2101\/revisions\/2107"}],"wp:attachment":[{"href":"https:\/\/agora.xtec.cat\/ceip-catalunya-sabadell\/wp-json\/wp\/v2\/media?parent=2101"}],"wp:term":[{"taxonomy":"category","embeddable":true,"href":"https:\/\/agora.xtec.cat\/ceip-catalunya-sabadell\/wp-json\/wp\/v2\/categories?post=2101"},{"taxonomy":"post_tag","embeddable":true,"href":"https:\/\/agora.xtec.cat\/ceip-catalunya-sabadell\/wp-json\/wp\/v2\/tags?post=2101"}],"curies":[{"name":"wp","href":"https:\/\/api.w.org\/{rel}","templated":true}]}}