{"id":2080,"date":"2018-04-27T11:33:45","date_gmt":"2018-04-27T09:33:45","guid":{"rendered":"http:\/\/agora.xtec.cat\/ceip-catalunya-sabadell\/?p=2080"},"modified":"2018-04-27T11:33:45","modified_gmt":"2018-04-27T09:33:45","slug":"conferencia-inauguracio-torre-aigua","status":"publish","type":"post","link":"https:\/\/agora.xtec.cat\/ceip-catalunya-sabadell\/portada\/conferencia-inauguracio-torre-aigua\/","title":{"rendered":"Confer\u00e8ncia Inauguraci\u00f3 Torre Aigua"},"content":{"rendered":"<p>Ahir a la tarda, dos alumnes de 6\u00e8 van assistir a la confer\u00e8ncia sobre la hist\u00f2ria i construcci\u00f3 de la torre de l&#8217;aigua fa 100 anys a l&#8217;aula de l&#8217;Aigua.<\/p>\n<p>Els alumnes van presentar el mural que vam fer entre tots els alumnes de l&#8217;escola per a commemorar aquesta efem\u00e8ride i ho van fer molt i molt b\u00e9. Mireu, mireu&#8230;<\/p>\n<p><iframe loading=\"lazy\" src=\"\/\/www.youtube.com\/embed\/HXeoNJQr_ME\" width=\"560\" height=\"314\" allowfullscreen=\"allowfullscreen\"><\/iframe><\/p>\n<p>Us deixem algunes fotografies i un <a href=\"http:\/\/www.isabadell.cat\/sabadell\/societat\/ciencia\/celebracio-del-centenari-de-la-torre-de-laigua\/\">enlla\u00e7 <\/a>a isabadell amb la not\u00edcia.<\/p>\n<p><a href=\"https:\/\/photos.app.goo.gl\/m4uPXvPrtMWZGqBu7\">https:\/\/photos.app.goo.gl\/m4uPXvPrtMWZGqBu7<\/a><\/p>\n","protected":false},"excerpt":{"rendered":"<p>Ahir a la tarda, dos alumnes de 6\u00e8 van assistir a la confer\u00e8ncia sobre la hist\u00f2ria i construcci\u00f3 de la torre de l&#8217;aigua fa 100 anys a l&#8217;aula de l&#8217;Aigua.<br \/>\nEls alumnes van presentar el mural que vam fer entre tots els alumnes de l&#8217;escola per&hellip;  <a href=\"https:\/\/agora.xtec.cat\/ceip-catalunya-sabadell\/portada\/conferencia-inauguracio-torre-aigua\/\" title=\"Read Confer\u00e8ncia Inauguraci\u00f3 Torre Aigua\">Llegeix m\u00e9s\u00bb<\/a><\/p>\n","protected":false},"author":3,"featured_media":0,"comment_status":"open","ping_status":"closed","sticky":false,"template":"","format":"standard","meta":{"_bbp_topic_count":0,"_bbp_reply_count":0,"_bbp_total_topic_count":0,"_bbp_total_reply_count":0,"_bbp_voice_count":0,"_bbp_anonymous_reply_count":0,"_bbp_topic_count_hidden":0,"_bbp_reply_count_hidden":0,"_bbp_forum_subforum_count":0,"footnotes":""},"categories":[40,4],"tags":[],"class_list":["post-2080","post","type-post","status-publish","format-standard","hentry","category-artscrafts","category-portada"],"post_mailing_queue_ids":[],"_links":{"self":[{"href":"https:\/\/agora.xtec.cat\/ceip-catalunya-sabadell\/wp-json\/wp\/v2\/posts\/2080","targetHints":{"allow":["GET"]}}],"collection":[{"href":"https:\/\/agora.xtec.cat\/ceip-catalunya-sabadell\/wp-json\/wp\/v2\/posts"}],"about":[{"href":"https:\/\/agora.xtec.cat\/ceip-catalunya-sabadell\/wp-json\/wp\/v2\/types\/post"}],"author":[{"embeddable":true,"href":"https:\/\/agora.xtec.cat\/ceip-catalunya-sabadell\/wp-json\/wp\/v2\/users\/3"}],"replies":[{"embeddable":true,"href":"https:\/\/agora.xtec.cat\/ceip-catalunya-sabadell\/wp-json\/wp\/v2\/comments?post=2080"}],"version-history":[{"count":1,"href":"https:\/\/agora.xtec.cat\/ceip-catalunya-sabadell\/wp-json\/wp\/v2\/posts\/2080\/revisions"}],"predecessor-version":[{"id":2081,"href":"https:\/\/agora.xtec.cat\/ceip-catalunya-sabadell\/wp-json\/wp\/v2\/posts\/2080\/revisions\/2081"}],"wp:attachment":[{"href":"https:\/\/agora.xtec.cat\/ceip-catalunya-sabadell\/wp-json\/wp\/v2\/media?parent=2080"}],"wp:term":[{"taxonomy":"category","embeddable":true,"href":"https:\/\/agora.xtec.cat\/ceip-catalunya-sabadell\/wp-json\/wp\/v2\/categories?post=2080"},{"taxonomy":"post_tag","embeddable":true,"href":"https:\/\/agora.xtec.cat\/ceip-catalunya-sabadell\/wp-json\/wp\/v2\/tags?post=2080"}],"curies":[{"name":"wp","href":"https:\/\/api.w.org\/{rel}","templated":true}]}}