{"id":2075,"date":"2018-04-27T11:06:25","date_gmt":"2018-04-27T09:06:25","guid":{"rendered":"http:\/\/agora.xtec.cat\/ceip-catalunya-sabadell\/?p=2075"},"modified":"2018-04-27T11:06:25","modified_gmt":"2018-04-27T09:06:25","slug":"colonies-a-can-ribas-de-montbui","status":"publish","type":"post","link":"https:\/\/agora.xtec.cat\/ceip-catalunya-sabadell\/primaria\/colonies-a-can-ribas-de-montbui\/","title":{"rendered":"Col\u00f2nies a Can Ribas de Montbui"},"content":{"rendered":"<p>Els Volcans i els Ratpenats vam marxar de col\u00f2nies els dies 17,18 i 19 d&#8217;abril a Can Ribas de Montbui. Vam realitzar moltes activitats diferents com ara el toca-toca d&#8217;animals de granja, unes olimp\u00edades rurals, un mercat ecol\u00f2gic de verdura que ells mateixos havien recollit de l&#8217;hort, &#8230; Ens ho vam passar PIPA i no vol\u00edem tornar!<\/p>\n<p><a href=\"https:\/\/photos.app.goo.gl\/tKsAMGzbNMpQUrTS9\">Fotos de col\u00f2nies<\/a><\/p>\n","protected":false},"excerpt":{"rendered":"<p>Els Volcans i els Ratpenats vam marxar de col\u00f2nies els dies 17,18 i 19 d&#8217;abril a Can Ribas de Montbui. Vam realitzar moltes activitats diferents com ara el toca-toca d&#8217;animals de granja, unes olimp\u00edades rurals, un mercat ecol\u00f2gic de verdura que ells mateixos havien recollit&hellip;  <a href=\"https:\/\/agora.xtec.cat\/ceip-catalunya-sabadell\/primaria\/colonies-a-can-ribas-de-montbui\/\" title=\"Read Col\u00f2nies a Can Ribas de Montbui\">Llegeix m\u00e9s\u00bb<\/a><\/p>\n","protected":false},"author":3,"featured_media":2076,"comment_status":"open","ping_status":"closed","sticky":false,"template":"","format":"standard","meta":{"_bbp_topic_count":0,"_bbp_reply_count":0,"_bbp_total_topic_count":0,"_bbp_total_reply_count":0,"_bbp_voice_count":0,"_bbp_anonymous_reply_count":0,"_bbp_topic_count_hidden":0,"_bbp_reply_count_hidden":0,"_bbp_forum_subforum_count":0,"footnotes":""},"categories":[5],"tags":[],"class_list":["post-2075","post","type-post","status-publish","format-standard","has-post-thumbnail","hentry","category-primaria"],"post_mailing_queue_ids":[],"_links":{"self":[{"href":"https:\/\/agora.xtec.cat\/ceip-catalunya-sabadell\/wp-json\/wp\/v2\/posts\/2075","targetHints":{"allow":["GET"]}}],"collection":[{"href":"https:\/\/agora.xtec.cat\/ceip-catalunya-sabadell\/wp-json\/wp\/v2\/posts"}],"about":[{"href":"https:\/\/agora.xtec.cat\/ceip-catalunya-sabadell\/wp-json\/wp\/v2\/types\/post"}],"author":[{"embeddable":true,"href":"https:\/\/agora.xtec.cat\/ceip-catalunya-sabadell\/wp-json\/wp\/v2\/users\/3"}],"replies":[{"embeddable":true,"href":"https:\/\/agora.xtec.cat\/ceip-catalunya-sabadell\/wp-json\/wp\/v2\/comments?post=2075"}],"version-history":[{"count":1,"href":"https:\/\/agora.xtec.cat\/ceip-catalunya-sabadell\/wp-json\/wp\/v2\/posts\/2075\/revisions"}],"predecessor-version":[{"id":2077,"href":"https:\/\/agora.xtec.cat\/ceip-catalunya-sabadell\/wp-json\/wp\/v2\/posts\/2075\/revisions\/2077"}],"wp:featuredmedia":[{"embeddable":true,"href":"https:\/\/agora.xtec.cat\/ceip-catalunya-sabadell\/wp-json\/wp\/v2\/media\/2076"}],"wp:attachment":[{"href":"https:\/\/agora.xtec.cat\/ceip-catalunya-sabadell\/wp-json\/wp\/v2\/media?parent=2075"}],"wp:term":[{"taxonomy":"category","embeddable":true,"href":"https:\/\/agora.xtec.cat\/ceip-catalunya-sabadell\/wp-json\/wp\/v2\/categories?post=2075"},{"taxonomy":"post_tag","embeddable":true,"href":"https:\/\/agora.xtec.cat\/ceip-catalunya-sabadell\/wp-json\/wp\/v2\/tags?post=2075"}],"curies":[{"name":"wp","href":"https:\/\/api.w.org\/{rel}","templated":true}]}}