{"id":2013,"date":"2018-04-26T19:36:56","date_gmt":"2018-04-26T17:36:56","guid":{"rendered":"http:\/\/agora.xtec.cat\/ceip-catalunya-sabadell\/?p=2013"},"modified":"2018-04-26T19:36:56","modified_gmt":"2018-04-26T17:36:56","slug":"concert-acordio","status":"publish","type":"post","link":"https:\/\/agora.xtec.cat\/ceip-catalunya-sabadell\/infantil\/concert-acordio\/","title":{"rendered":"CONCERT ACORDI\u00d3"},"content":{"rendered":"<p>Hola families!!<\/p>\n<p>Divendres dia 20 d&#8217;Abril vem tenir el plaer de comptar amb la Raquel, la Carme i la Montse que ens van fer un concert d&#8217;acordi\u00f3, flauta dol\u00e7a i metal\u00b7l\u00f2fon. Vem cantar i ballar i ens ho vem passar d&#8217;all\u00f2 m\u00e9s b\u00e9!!<\/p>\n<p>Moltes gr\u00e0cies noies per l&#8217;estona que ens veu fer passar!!<\/p>\n<p><iframe loading=\"lazy\" src=\"\/\/www.youtube.com\/embed\/LHnzY0sAVz8\" width=\"560\" height=\"314\"><\/iframe><\/p>\n<p>Fins aviat!!<\/p>\n","protected":false},"excerpt":{"rendered":"<p>Hola families!!<br \/>\nDivendres dia 20 d&#8217;Abril vem tenir el plaer de comptar amb la Raquel, la Carme i la Montse que ens van fer un concert d&#8217;acordi\u00f3, flauta dol\u00e7a i metal\u00b7l\u00f2fon. Vem cantar i ballar i ens ho vem passar d&#8217;all\u00f2 m\u00e9s b\u00e9!!<br \/>\nMoltes gr\u00e0cies noies per&hellip;  <a href=\"https:\/\/agora.xtec.cat\/ceip-catalunya-sabadell\/infantil\/concert-acordio\/\" title=\"Read CONCERT ACORDI\u00d3\">Llegeix m\u00e9s\u00bb<\/a><\/p>\n","protected":false},"author":40,"featured_media":2064,"comment_status":"open","ping_status":"closed","sticky":false,"template":"","format":"standard","meta":{"_bbp_topic_count":0,"_bbp_reply_count":0,"_bbp_total_topic_count":0,"_bbp_total_reply_count":0,"_bbp_voice_count":0,"_bbp_anonymous_reply_count":0,"_bbp_topic_count_hidden":0,"_bbp_reply_count_hidden":0,"_bbp_forum_subforum_count":0,"footnotes":""},"categories":[2,44],"tags":[],"class_list":["post-2013","post","type-post","status-publish","format-standard","has-post-thumbnail","hentry","category-infantil","category-musica"],"post_mailing_queue_ids":[],"_links":{"self":[{"href":"https:\/\/agora.xtec.cat\/ceip-catalunya-sabadell\/wp-json\/wp\/v2\/posts\/2013","targetHints":{"allow":["GET"]}}],"collection":[{"href":"https:\/\/agora.xtec.cat\/ceip-catalunya-sabadell\/wp-json\/wp\/v2\/posts"}],"about":[{"href":"https:\/\/agora.xtec.cat\/ceip-catalunya-sabadell\/wp-json\/wp\/v2\/types\/post"}],"author":[{"embeddable":true,"href":"https:\/\/agora.xtec.cat\/ceip-catalunya-sabadell\/wp-json\/wp\/v2\/users\/40"}],"replies":[{"embeddable":true,"href":"https:\/\/agora.xtec.cat\/ceip-catalunya-sabadell\/wp-json\/wp\/v2\/comments?post=2013"}],"version-history":[{"count":2,"href":"https:\/\/agora.xtec.cat\/ceip-catalunya-sabadell\/wp-json\/wp\/v2\/posts\/2013\/revisions"}],"predecessor-version":[{"id":2029,"href":"https:\/\/agora.xtec.cat\/ceip-catalunya-sabadell\/wp-json\/wp\/v2\/posts\/2013\/revisions\/2029"}],"wp:featuredmedia":[{"embeddable":true,"href":"https:\/\/agora.xtec.cat\/ceip-catalunya-sabadell\/wp-json\/wp\/v2\/media\/2064"}],"wp:attachment":[{"href":"https:\/\/agora.xtec.cat\/ceip-catalunya-sabadell\/wp-json\/wp\/v2\/media?parent=2013"}],"wp:term":[{"taxonomy":"category","embeddable":true,"href":"https:\/\/agora.xtec.cat\/ceip-catalunya-sabadell\/wp-json\/wp\/v2\/categories?post=2013"},{"taxonomy":"post_tag","embeddable":true,"href":"https:\/\/agora.xtec.cat\/ceip-catalunya-sabadell\/wp-json\/wp\/v2\/tags?post=2013"}],"curies":[{"name":"wp","href":"https:\/\/api.w.org\/{rel}","templated":true}]}}