{"id":2001,"date":"2018-04-23T07:58:17","date_gmt":"2018-04-23T05:58:17","guid":{"rendered":"http:\/\/agora.xtec.cat\/ceip-catalunya-sabadell\/?p=2001"},"modified":"2018-04-23T07:58:17","modified_gmt":"2018-04-23T05:58:17","slug":"esport-adaptat-a-4t-a","status":"publish","type":"post","link":"https:\/\/agora.xtec.cat\/ceip-catalunya-sabadell\/primaria\/4t\/esport-adaptat-a-4t-a\/","title":{"rendered":"ESPORT ADAPTAT A 4t A"},"content":{"rendered":"<p style=\"text-align: center;\"><a href=\"http:\/\/agora.xtec.cat\/ceip-catalunya-sabadell\/wp-content\/uploads\/usu823\/2018\/04\/cadira.jpg\"><img loading=\"lazy\" decoding=\"async\" class=\"alignnone size-full wp-image-2002\" src=\"http:\/\/agora.xtec.cat\/ceip-catalunya-sabadell\/wp-content\/uploads\/usu823\/2018\/04\/cadira.jpg\" alt=\"\" width=\"246\" height=\"205\" \/><\/a><\/p>\n<p>Els nens i nenes de 4tA ja hem fet la visita al Pavell\u00f3 del Nord de Sabadell. All\u00ed\u00a0 ens han explicat\u00a0 el que \u00e9s l&#8217;esport adapta i hem realitzat diferents jocs en els que el m\u00e9s important \u00e9s cooperar.<\/p>\n<p>Cliqueu i podreu veure els v\u00eddeos i fotos de la sortida.<\/p>\n<p><a href=\"https:\/\/drive.google.com\/open?id=1cnBsugXWVC2KTG-HRKy7w_Uta5jelU-G\">https:\/\/drive.google.com\/open?id=1cnBsugXWVC2KTG-HRKy7w_Uta5jelU-G<\/a><\/p>\n","protected":false},"excerpt":{"rendered":"<p><a href=\"http:\/\/agora.xtec.cat\/ceip-catalunya-sabadell\/wp-content\/uploads\/usu823\/2018\/04\/cadira.jpg\"><\/a><br \/>\nEls nens i nenes de 4tA ja hem fet la visita al Pavell\u00f3 del Nord de Sabadell. All\u00ed\u00a0 ens han explicat\u00a0 el que \u00e9s l&#8217;esport adapta i hem realitzat diferents jocs en els que el m\u00e9s important \u00e9s cooperar.<br \/>\nCliqueu i podreu veure els v\u00eddeos&hellip;  <a href=\"https:\/\/agora.xtec.cat\/ceip-catalunya-sabadell\/primaria\/4t\/esport-adaptat-a-4t-a\/\" title=\"Read ESPORT ADAPTAT A 4t A\">Llegeix m\u00e9s\u00bb<\/a><\/p>\n","protected":false},"author":52,"featured_media":1805,"comment_status":"open","ping_status":"closed","sticky":false,"template":"","format":"standard","meta":{"_bbp_topic_count":0,"_bbp_reply_count":0,"_bbp_total_topic_count":0,"_bbp_total_reply_count":0,"_bbp_voice_count":0,"_bbp_anonymous_reply_count":0,"_bbp_topic_count_hidden":0,"_bbp_reply_count_hidden":0,"_bbp_forum_subforum_count":0,"footnotes":""},"categories":[13],"tags":[],"class_list":["post-2001","post","type-post","status-publish","format-standard","has-post-thumbnail","hentry","category-4t"],"post_mailing_queue_ids":[],"_links":{"self":[{"href":"https:\/\/agora.xtec.cat\/ceip-catalunya-sabadell\/wp-json\/wp\/v2\/posts\/2001","targetHints":{"allow":["GET"]}}],"collection":[{"href":"https:\/\/agora.xtec.cat\/ceip-catalunya-sabadell\/wp-json\/wp\/v2\/posts"}],"about":[{"href":"https:\/\/agora.xtec.cat\/ceip-catalunya-sabadell\/wp-json\/wp\/v2\/types\/post"}],"author":[{"embeddable":true,"href":"https:\/\/agora.xtec.cat\/ceip-catalunya-sabadell\/wp-json\/wp\/v2\/users\/52"}],"replies":[{"embeddable":true,"href":"https:\/\/agora.xtec.cat\/ceip-catalunya-sabadell\/wp-json\/wp\/v2\/comments?post=2001"}],"version-history":[{"count":2,"href":"https:\/\/agora.xtec.cat\/ceip-catalunya-sabadell\/wp-json\/wp\/v2\/posts\/2001\/revisions"}],"predecessor-version":[{"id":2004,"href":"https:\/\/agora.xtec.cat\/ceip-catalunya-sabadell\/wp-json\/wp\/v2\/posts\/2001\/revisions\/2004"}],"wp:featuredmedia":[{"embeddable":true,"href":"https:\/\/agora.xtec.cat\/ceip-catalunya-sabadell\/wp-json\/wp\/v2\/media\/1805"}],"wp:attachment":[{"href":"https:\/\/agora.xtec.cat\/ceip-catalunya-sabadell\/wp-json\/wp\/v2\/media?parent=2001"}],"wp:term":[{"taxonomy":"category","embeddable":true,"href":"https:\/\/agora.xtec.cat\/ceip-catalunya-sabadell\/wp-json\/wp\/v2\/categories?post=2001"},{"taxonomy":"post_tag","embeddable":true,"href":"https:\/\/agora.xtec.cat\/ceip-catalunya-sabadell\/wp-json\/wp\/v2\/tags?post=2001"}],"curies":[{"name":"wp","href":"https:\/\/api.w.org\/{rel}","templated":true}]}}