{"id":1981,"date":"2018-04-21T22:21:57","date_gmt":"2018-04-21T20:21:57","guid":{"rendered":"http:\/\/agora.xtec.cat\/ceip-catalunya-sabadell\/?p=1981"},"modified":"2018-04-22T22:20:27","modified_gmt":"2018-04-22T20:20:27","slug":"8-de-marc-dia-de-la-dona","status":"publish","type":"post","link":"https:\/\/agora.xtec.cat\/ceip-catalunya-sabadell\/general\/8-de-marc-dia-de-la-dona\/","title":{"rendered":"8 DE MAR\u00c7!!! DIA DE LA DONA!!"},"content":{"rendered":"<ol>\n<li style=\"text-align: justify;\"><a href=\"https:\/\/drive.google.com\/folderview?id=15SNtfrnsNBtwSCifaUUJiDef6fPdNSmE\"><img loading=\"lazy\" decoding=\"async\" class=\"alignnone size-large wp-image-1983\" src=\"http:\/\/agora.xtec.cat\/ceip-catalunya-sabadell\/wp-content\/uploads\/usu823\/2018\/04\/IMG_20180421_221451-1024x645.jpg\" alt=\"\" width=\"1024\" height=\"645\" srcset=\"https:\/\/agora.xtec.cat\/ceip-catalunya-sabadell\/wp-content\/uploads\/usu823\/2018\/04\/IMG_20180421_221451-1024x645.jpg 1024w, https:\/\/agora.xtec.cat\/ceip-catalunya-sabadell\/wp-content\/uploads\/usu823\/2018\/04\/IMG_20180421_221451-300x189.jpg 300w, https:\/\/agora.xtec.cat\/ceip-catalunya-sabadell\/wp-content\/uploads\/usu823\/2018\/04\/IMG_20180421_221451-768x484.jpg 768w, https:\/\/agora.xtec.cat\/ceip-catalunya-sabadell\/wp-content\/uploads\/usu823\/2018\/04\/IMG_20180421_221451.jpg 1080w\" sizes=\"auto, (max-width: 1024px) 100vw, 1024px\" \/><\/a>El dia 8 de mar\u00e7 els nens i nenes\u00a0 4t A v\u00e0rem portar informaci\u00f3 de les dones que han ajudat a millorar el mon i la nostra vida. Hem descobert que n&#8217;hi ha molt\u00edssimes i que han lluitat i lluiten molt.\u00a0\u00a0Hi ha qui va\u00a0portar llacets liles, pancartes, roba lila, llibres\u00a0 biogr\u00e0fics&#8230;<\/li>\n<\/ol>\n<p style=\"text-align: justify;\">V\u00e0rem distibuir tot el material en diferents racons i per grups an\u00e0vem investigant, llegint i estudiant.<\/p>\n<p style=\"text-align: justify;\">Un grupet v\u00e0rem fer una &#8220;mini&#8221; manifestaci\u00f3 a l&#8217;hora d&#8217;esbarjo.<\/p>\n<p style=\"text-align: justify;\">Mireu les fotos tot clicant a l&#8217;enlla\u00e7.<\/p>\n<p style=\"text-align: justify;\"><a href=\"https:\/\/drive.google.com\/open?id=15SNtfrnsNBtwSCifaUUJiDef6fPdNSmE\">https:\/\/drive.google.com\/open?id=15SNtfrnsNBtwSCifaUUJiDef6fPdNSmE<\/a><\/p>\n","protected":false},"excerpt":{"rendered":"<ol>\n<li style=\"text-align: justify;\"><a href=\"https:\/\/drive.google.com\/folderview?id=15SNtfrnsNBtwSCifaUUJiDef6fPdNSmE\"><\/a>El dia 8 de mar\u00e7 els nens i nenes\u00a0 4t A v\u00e0rem portar informaci\u00f3 de les dones que han ajudat a millorar el mon i la nostra vida. Hem descobert que n&#8217;hi ha molt\u00edssimes i que han lluitat i lluiten molt.\u00a0\u00a0Hi ha&hellip;  <a href=\"https:\/\/agora.xtec.cat\/ceip-catalunya-sabadell\/general\/8-de-marc-dia-de-la-dona\/\" title=\"Read 8 DE MAR\u00c7!!! DIA DE LA DONA!!\">Llegeix m\u00e9s\u00bb<\/a><br \/>\n","protected":false},"author":52,"featured_media":1805,"comment_status":"open","ping_status":"closed","sticky":false,"template":"","format":"standard","meta":{"_bbp_topic_count":0,"_bbp_reply_count":0,"_bbp_total_topic_count":0,"_bbp_total_reply_count":0,"_bbp_voice_count":0,"_bbp_anonymous_reply_count":0,"_bbp_topic_count_hidden":0,"_bbp_reply_count_hidden":0,"_bbp_forum_subforum_count":0,"footnotes":""},"categories":[13,42,1],"tags":[],"class_list":["post-1981","post","type-post","status-publish","format-standard","has-post-thumbnail","hentry","category-4t","category-educacio-emocional","category-general"],"post_mailing_queue_ids":[],"_links":{"self":[{"href":"https:\/\/agora.xtec.cat\/ceip-catalunya-sabadell\/wp-json\/wp\/v2\/posts\/1981","targetHints":{"allow":["GET"]}}],"collection":[{"href":"https:\/\/agora.xtec.cat\/ceip-catalunya-sabadell\/wp-json\/wp\/v2\/posts"}],"about":[{"href":"https:\/\/agora.xtec.cat\/ceip-catalunya-sabadell\/wp-json\/wp\/v2\/types\/post"}],"author":[{"embeddable":true,"href":"https:\/\/agora.xtec.cat\/ceip-catalunya-sabadell\/wp-json\/wp\/v2\/users\/52"}],"replies":[{"embeddable":true,"href":"https:\/\/agora.xtec.cat\/ceip-catalunya-sabadell\/wp-json\/wp\/v2\/comments?post=1981"}],"version-history":[{"count":3,"href":"https:\/\/agora.xtec.cat\/ceip-catalunya-sabadell\/wp-json\/wp\/v2\/posts\/1981\/revisions"}],"predecessor-version":[{"id":1992,"href":"https:\/\/agora.xtec.cat\/ceip-catalunya-sabadell\/wp-json\/wp\/v2\/posts\/1981\/revisions\/1992"}],"wp:featuredmedia":[{"embeddable":true,"href":"https:\/\/agora.xtec.cat\/ceip-catalunya-sabadell\/wp-json\/wp\/v2\/media\/1805"}],"wp:attachment":[{"href":"https:\/\/agora.xtec.cat\/ceip-catalunya-sabadell\/wp-json\/wp\/v2\/media?parent=1981"}],"wp:term":[{"taxonomy":"category","embeddable":true,"href":"https:\/\/agora.xtec.cat\/ceip-catalunya-sabadell\/wp-json\/wp\/v2\/categories?post=1981"},{"taxonomy":"post_tag","embeddable":true,"href":"https:\/\/agora.xtec.cat\/ceip-catalunya-sabadell\/wp-json\/wp\/v2\/tags?post=1981"}],"curies":[{"name":"wp","href":"https:\/\/api.w.org\/{rel}","templated":true}]}}