{"id":1962,"date":"2018-04-19T15:22:45","date_gmt":"2018-04-19T13:22:45","guid":{"rendered":"http:\/\/agora.xtec.cat\/ceip-catalunya-sabadell\/?p=1962"},"modified":"2018-04-19T15:25:23","modified_gmt":"2018-04-19T13:25:23","slug":"recollida-de-taps-per-la-fundacio-atendis","status":"publish","type":"post","link":"https:\/\/agora.xtec.cat\/ceip-catalunya-sabadell\/portada\/recollida-de-taps-per-la-fundacio-atendis\/","title":{"rendered":"Recollida de taps per la Fundaci\u00f3 ATENDIS"},"content":{"rendered":"<p>Benvolgudes fam\u00edlies, aquest mat\u00ed hem anat a fer entrega a la Fundaci\u00f3 ATENDIS de la nostra recollida de taps. Ha estat tot un \u00e8xit, moltes gr\u00e0cies a tots i a totes. Entre tots constru\u00efm escola.<\/p>\n<p><a href=\"http:\/\/agora.xtec.cat\/ceip-catalunya-sabadell\/wp-content\/uploads\/usu823\/2018\/04\/resized_IMG-2096.jpg\"><img loading=\"lazy\" decoding=\"async\" class=\"size-large wp-image-1963 aligncenter\" src=\"http:\/\/agora.xtec.cat\/ceip-catalunya-sabadell\/wp-content\/uploads\/usu823\/2018\/04\/resized_IMG-2096-1024x768.jpg\" alt=\"\" width=\"1024\" height=\"768\" srcset=\"https:\/\/agora.xtec.cat\/ceip-catalunya-sabadell\/wp-content\/uploads\/usu823\/2018\/04\/resized_IMG-2096-1024x768.jpg 1024w, https:\/\/agora.xtec.cat\/ceip-catalunya-sabadell\/wp-content\/uploads\/usu823\/2018\/04\/resized_IMG-2096-300x225.jpg 300w, https:\/\/agora.xtec.cat\/ceip-catalunya-sabadell\/wp-content\/uploads\/usu823\/2018\/04\/resized_IMG-2096-768x576.jpg 768w, https:\/\/agora.xtec.cat\/ceip-catalunya-sabadell\/wp-content\/uploads\/usu823\/2018\/04\/resized_IMG-2096-200x150.jpg 200w, https:\/\/agora.xtec.cat\/ceip-catalunya-sabadell\/wp-content\/uploads\/usu823\/2018\/04\/resized_IMG-2096.jpg 2016w\" sizes=\"auto, (max-width: 1024px) 100vw, 1024px\" \/><\/a><\/p>\n","protected":false},"excerpt":{"rendered":"<p>Benvolgudes fam\u00edlies, aquest mat\u00ed hem anat a fer entrega a la Fundaci\u00f3 ATENDIS de la nostra recollida de taps. Ha estat tot un \u00e8xit, moltes gr\u00e0cies a tots i a totes. Entre tots constru\u00efm escola.<br \/>\n<a href=\"http:\/\/agora.xtec.cat\/ceip-catalunya-sabadell\/wp-content\/uploads\/usu823\/2018\/04\/resized_IMG-2096.jpg\"><\/a><\/p>\n","protected":false},"author":22,"featured_media":1963,"comment_status":"open","ping_status":"closed","sticky":false,"template":"","format":"standard","meta":{"_bbp_topic_count":0,"_bbp_reply_count":0,"_bbp_total_topic_count":0,"_bbp_total_reply_count":0,"_bbp_voice_count":0,"_bbp_anonymous_reply_count":0,"_bbp_topic_count_hidden":0,"_bbp_reply_count_hidden":0,"_bbp_forum_subforum_count":0,"footnotes":""},"categories":[4],"tags":[],"class_list":["post-1962","post","type-post","status-publish","format-standard","has-post-thumbnail","hentry","category-portada"],"post_mailing_queue_ids":[],"_links":{"self":[{"href":"https:\/\/agora.xtec.cat\/ceip-catalunya-sabadell\/wp-json\/wp\/v2\/posts\/1962","targetHints":{"allow":["GET"]}}],"collection":[{"href":"https:\/\/agora.xtec.cat\/ceip-catalunya-sabadell\/wp-json\/wp\/v2\/posts"}],"about":[{"href":"https:\/\/agora.xtec.cat\/ceip-catalunya-sabadell\/wp-json\/wp\/v2\/types\/post"}],"author":[{"embeddable":true,"href":"https:\/\/agora.xtec.cat\/ceip-catalunya-sabadell\/wp-json\/wp\/v2\/users\/22"}],"replies":[{"embeddable":true,"href":"https:\/\/agora.xtec.cat\/ceip-catalunya-sabadell\/wp-json\/wp\/v2\/comments?post=1962"}],"version-history":[{"count":2,"href":"https:\/\/agora.xtec.cat\/ceip-catalunya-sabadell\/wp-json\/wp\/v2\/posts\/1962\/revisions"}],"predecessor-version":[{"id":1965,"href":"https:\/\/agora.xtec.cat\/ceip-catalunya-sabadell\/wp-json\/wp\/v2\/posts\/1962\/revisions\/1965"}],"wp:featuredmedia":[{"embeddable":true,"href":"https:\/\/agora.xtec.cat\/ceip-catalunya-sabadell\/wp-json\/wp\/v2\/media\/1963"}],"wp:attachment":[{"href":"https:\/\/agora.xtec.cat\/ceip-catalunya-sabadell\/wp-json\/wp\/v2\/media?parent=1962"}],"wp:term":[{"taxonomy":"category","embeddable":true,"href":"https:\/\/agora.xtec.cat\/ceip-catalunya-sabadell\/wp-json\/wp\/v2\/categories?post=1962"},{"taxonomy":"post_tag","embeddable":true,"href":"https:\/\/agora.xtec.cat\/ceip-catalunya-sabadell\/wp-json\/wp\/v2\/tags?post=1962"}],"curies":[{"name":"wp","href":"https:\/\/api.w.org\/{rel}","templated":true}]}}