{"id":1949,"date":"2018-04-12T17:31:07","date_gmt":"2018-04-12T15:31:07","guid":{"rendered":"http:\/\/agora.xtec.cat\/ceip-catalunya-sabadell\/?p=1949"},"modified":"2018-04-12T17:32:51","modified_gmt":"2018-04-12T15:32:51","slug":"3a-cursa-solidaria-sabadell-corre-pels-nens","status":"publish","type":"post","link":"https:\/\/agora.xtec.cat\/ceip-catalunya-sabadell\/portada\/3a-cursa-solidaria-sabadell-corre-pels-nens\/","title":{"rendered":"3\u00aa CURSA SOLID\u00c0RIA &#8220;SABADELL CORRE PELS NENS&#8221;"},"content":{"rendered":"<p><a href=\"http:\/\/agora.xtec.cat\/ceip-catalunya-sabadell\/wp-content\/uploads\/usu823\/2018\/04\/Sabadell-corre-pels-nens.png\"><img loading=\"lazy\" decoding=\"async\" class=\"alignnone size-full wp-image-1950\" src=\"http:\/\/agora.xtec.cat\/ceip-catalunya-sabadell\/wp-content\/uploads\/usu823\/2018\/04\/Sabadell-corre-pels-nens.png\" alt=\"\" width=\"610\" height=\"689\" srcset=\"https:\/\/agora.xtec.cat\/ceip-catalunya-sabadell\/wp-content\/uploads\/usu823\/2018\/04\/Sabadell-corre-pels-nens.png 610w, https:\/\/agora.xtec.cat\/ceip-catalunya-sabadell\/wp-content\/uploads\/usu823\/2018\/04\/Sabadell-corre-pels-nens-266x300.png 266w\" sizes=\"auto, (max-width: 610px) 100vw, 610px\" \/><\/a><\/p>\n<p><em>A continuaci\u00f3 publiquem la carta de la cursa &#8220;SABADELL CORRE PELS NENS&#8221;. Des de l&#8217;escola us tornem a animar a participar&#8230; el curs passat vam ser una bona colla! Esperem que aquest any superem el n\u00famero d&#8217;inscripcions d&#8217;aquesta gran fam\u00edlia que formem, ens veiem el dia 27 de maig, per passejar tots junts!<\/em><\/p>\n<p>Benvolguts\u00a0 i benvolgudes:<\/p>\n<p>L\u2019any passat, la II edici\u00f3 de la cursa solid\u00e0ria \u201cSabadell corre pels Nens\u201d va ser tot un \u00e8xit: 4.214 participants i 22.380 \u20ac recaptats, que van ser destinats al projecte de malalties minorit\u00e0ries \u201cD\u00f3nal\u2019s veu\u201d, del Parc Taul\u00ed. Ho vam fer entre tots!<\/p>\n<p>Enguany, anem per la III edici\u00f3 de la cursa. Ser\u00e0 el <strong>27 de maig<\/strong> del 2018 i els beneficis aniran destinats al projecte que vol transformar i convertir la planta de Pediatria del Parc Taul\u00ed en una \u201cONADA DE PETITS SOMRIURES\u201d, per tal d\u2019humanitzar els ingressos dels infants malalts, integrar els valors del joc i allunyar la sensaci\u00f3 de soledat que acostuma a apar\u00e8ixer dins d\u2019un hospital. <a href=\"http:\/\/www.unaonadadepetitssomriures.cat\">www.unaonadadepetitssomriures.cat<\/a><\/p>\n<p>&nbsp;<\/p>\n<p>Ens hem proposat doblar la xifra d\u2019inscrits! \u00c9s una cursa oberta a tothom, amb un recorregut de 4\u20192 km pels carrers m\u00e9s importants de la ciutat. Podr\u00e0 fer-se corrent, en cadira de rodes, en cotxet, caminant, amb amics o fam\u00edlia&#8230;<\/p>\n<p>&nbsp;<\/p>\n<p>Paral\u00b7lelament, al llarg del mat\u00ed, fins a les 14 h, hi haur\u00e0 una gran festa de m\u00fasica i ball, tallers de manualitats, m\u00e0gia, contacontes, pallassos, maquillatge i racons a tot el parc del Taul\u00ed, on petits i grans podran jugar i passar-s\u2019ho molt b\u00e9.<\/p>\n<p><strong>Com ens podem inscriure?<\/strong><\/p>\n<ul>\n<li>Online: <a href=\"http:\/\/www.sabadellcorrepelsnens.cat\">sabadellcorrepelsnens.cat<\/a><\/li>\n<li><strong><u>A la secretaria de l\u2019escola tamb\u00e9 farem inscripcions (M Ant\u00f2nia)<\/u><\/strong><\/li>\n<li>Presencials:\u00a0 Club Nataci\u00f3 Sabadell, Club Malib\u00fa Esportiu, Joventut atl\u00e8tica\u00a0 Sabadell,\u00a0Intersport Molins,\u00a0l&#8217;Uni\u00f3 Excursionista de Sabadell,\u00a0Llobateras (Carretera de Barcelona, 583),\u00a0 Sushiroll\u00a0 (Creu Alta) i Rundi ( Av. Barber\u00e0).<\/li>\n<\/ul>\n<p>Esperem la vostra col\u00b7laboraci\u00f3. Els nostres nens i nenes malalts ens necessiten!<\/p>\n<p>Molt\u00edssimes gr\u00e0cies:<\/p>\n<p>Toni Valverde (organitzador de la cursa)\u00a0 \u00a0 \u00a0 \u00a0\u00a0<a href=\"http:\/\/www.sabadellcorrepelsnenss.blogspot.com%0dB\u00e1ilale\">www.sabadellcorrepelsnenss.blogspot.com<\/a><\/p>\n<p><a href=\"http:\/\/www.sabadellcorrepelsnenss.blogspot.com%0dB\u00e1ilale\">B\u00e1ilale<\/a> a la Vida:\u00a0\u00a0\u00a0 <a href=\"http:\/\/www.bailalealavida.com\">www.bailalealavida.com<\/a><\/p>\n<p style=\"text-align: right\">ESCOLA CATALUNYA DE SABADELL<\/p>\n<p>&nbsp;<\/p>\n","protected":false},"excerpt":{"rendered":"<p><a href=\"http:\/\/agora.xtec.cat\/ceip-catalunya-sabadell\/wp-content\/uploads\/usu823\/2018\/04\/Sabadell-corre-pels-nens.png\"><\/a><br \/>\nA continuaci\u00f3 publiquem la carta de la cursa &#8220;SABADELL CORRE PELS NENS&#8221;. Des de l&#8217;escola us tornem a animar a participar&#8230; el curs passat vam ser una bona colla! Esperem que aquest any superem el n\u00famero d&#8217;inscripcions d&#8217;aquesta gran fam\u00edlia que formem, ens veiem&hellip;  <a href=\"https:\/\/agora.xtec.cat\/ceip-catalunya-sabadell\/portada\/3a-cursa-solidaria-sabadell-corre-pels-nens\/\" title=\"Read 3\u00aa CURSA SOLID\u00c0RIA &#8220;SABADELL CORRE PELS NENS&#8221;\">Llegeix m\u00e9s\u00bb<\/a><\/p>\n","protected":false},"author":22,"featured_media":1950,"comment_status":"open","ping_status":"closed","sticky":false,"template":"","format":"standard","meta":{"_bbp_topic_count":0,"_bbp_reply_count":0,"_bbp_total_topic_count":0,"_bbp_total_reply_count":0,"_bbp_voice_count":0,"_bbp_anonymous_reply_count":0,"_bbp_topic_count_hidden":0,"_bbp_reply_count_hidden":0,"_bbp_forum_subforum_count":0,"footnotes":""},"categories":[4],"tags":[],"class_list":["post-1949","post","type-post","status-publish","format-standard","has-post-thumbnail","hentry","category-portada"],"post_mailing_queue_ids":[],"_links":{"self":[{"href":"https:\/\/agora.xtec.cat\/ceip-catalunya-sabadell\/wp-json\/wp\/v2\/posts\/1949","targetHints":{"allow":["GET"]}}],"collection":[{"href":"https:\/\/agora.xtec.cat\/ceip-catalunya-sabadell\/wp-json\/wp\/v2\/posts"}],"about":[{"href":"https:\/\/agora.xtec.cat\/ceip-catalunya-sabadell\/wp-json\/wp\/v2\/types\/post"}],"author":[{"embeddable":true,"href":"https:\/\/agora.xtec.cat\/ceip-catalunya-sabadell\/wp-json\/wp\/v2\/users\/22"}],"replies":[{"embeddable":true,"href":"https:\/\/agora.xtec.cat\/ceip-catalunya-sabadell\/wp-json\/wp\/v2\/comments?post=1949"}],"version-history":[{"count":1,"href":"https:\/\/agora.xtec.cat\/ceip-catalunya-sabadell\/wp-json\/wp\/v2\/posts\/1949\/revisions"}],"predecessor-version":[{"id":1951,"href":"https:\/\/agora.xtec.cat\/ceip-catalunya-sabadell\/wp-json\/wp\/v2\/posts\/1949\/revisions\/1951"}],"wp:featuredmedia":[{"embeddable":true,"href":"https:\/\/agora.xtec.cat\/ceip-catalunya-sabadell\/wp-json\/wp\/v2\/media\/1950"}],"wp:attachment":[{"href":"https:\/\/agora.xtec.cat\/ceip-catalunya-sabadell\/wp-json\/wp\/v2\/media?parent=1949"}],"wp:term":[{"taxonomy":"category","embeddable":true,"href":"https:\/\/agora.xtec.cat\/ceip-catalunya-sabadell\/wp-json\/wp\/v2\/categories?post=1949"},{"taxonomy":"post_tag","embeddable":true,"href":"https:\/\/agora.xtec.cat\/ceip-catalunya-sabadell\/wp-json\/wp\/v2\/tags?post=1949"}],"curies":[{"name":"wp","href":"https:\/\/api.w.org\/{rel}","templated":true}]}}