{"id":1924,"date":"2018-04-09T10:58:20","date_gmt":"2018-04-09T08:58:20","guid":{"rendered":"http:\/\/agora.xtec.cat\/ceip-catalunya-sabadell\/?p=1924"},"modified":"2018-04-10T09:38:45","modified_gmt":"2018-04-10T07:38:45","slug":"estimada-nuria","status":"publish","type":"post","link":"https:\/\/agora.xtec.cat\/ceip-catalunya-sabadell\/portada\/estimada-nuria\/","title":{"rendered":"Estimada N\u00faria"},"content":{"rendered":"<p><img loading=\"lazy\" decoding=\"async\" class=\"alignleft wp-image-1926 size-medium\" src=\"http:\/\/agora.xtec.cat\/ceip-catalunya-sabadell\/wp-content\/uploads\/usu823\/2018\/04\/IMG_0866-e1523345914319-300x253.jpg\" alt=\"\" width=\"300\" height=\"253\" srcset=\"https:\/\/agora.xtec.cat\/ceip-catalunya-sabadell\/wp-content\/uploads\/usu823\/2018\/04\/IMG_0866-e1523345914319-300x253.jpg 300w, https:\/\/agora.xtec.cat\/ceip-catalunya-sabadell\/wp-content\/uploads\/usu823\/2018\/04\/IMG_0866-e1523345914319.jpg 632w\" sizes=\"auto, (max-width: 300px) 100vw, 300px\" \/>Estimada N\u00faria,<\/p>\n<p>En aquests moments, sentim una enorme tristesa dins del cor, per\u00f2 en<br \/>\npensar en tu i recordar-te, no podem evitar que ens sorgeixi un somriure.<br \/>\nMil i una an\u00e8cdotes ens venen al cap de tot el que hem viscut amb tu.<br \/>\nVeure\u2019t asseguda a l\u2019ordinador amb els auriculars per no perdre la<br \/>\nconcentraci\u00f3 o perqu\u00e8 no et don\u00e9ssim la tabarra, la teva mem\u00f2ria de peix<br \/>\no les aventures que vas viure a Cala Montjoi quan, per fi, l\u2019escola t\u2019hi va<br \/>\ndeixar anar.<\/p>\n<p>Has viscut la teva feina com a mestra molt intensament donant el millor<br \/>\nde tu, fent brillar el millor de cada alumne i ajudant-los a tirar endavant<br \/>\namb gran estima. Al capdavant de la nau, formant part de l\u2019equip directiu<br \/>\ncom a secret\u00e0ria, les teves mans han estat ben fermes al tim\u00f3, impulsant i<br \/>\ndinamitzant nous projectes que segueixen i seguiran amb nosaltres.<br \/>\nAl teu costat hem rebut lli\u00e7ons de vida i consells, hem apr\u00e8s de la teva<br \/>\ncapacitat de cr\u00e9ixer i de reinventar-te al llarg d\u2019aquests anys i has estat un<br \/>\nexemple a seguir. Positiva, constructiva, propera, bona companya, amb les<br \/>\nidees molt clares, sincera i sempre sense perdre el sentit de l\u2019humor. El<br \/>\nteu esperit i la teva energia estar\u00e0 sempre amb nosaltres.<\/p>\n<p>I fent servir les teves pr\u00f2pies paraules&#8230; Quan estiguem \u201cfins als gorigolos\u201d<br \/>\npujarem ben alt a fer \u201cbalconing\u201d, a carregar-nos d\u2019energia positiva, com<br \/>\nfeies tu. Tamb\u00e9 recordarem que som un claustre de luxe, en qu\u00e8 les<br \/>\nadversitats ens han unit i ens han fet forts. La teva qualitat humana ens ha<br \/>\nimpregnat a tots i totes i amb el teu esperit, seguirem conduint la nau<br \/>\nperqu\u00e8 arribi a bon port.<br \/>\nSabadell, 8 d\u2019abril de 2018<\/p>\n","protected":false},"excerpt":{"rendered":"<p>Estimada N\u00faria,<br \/>\nEn aquests moments, sentim una enorme tristesa dins del cor, per\u00f2 en<br \/>\npensar en tu i recordar-te, no podem evitar que ens sorgeixi un somriure.<br \/>\nMil i una an\u00e8cdotes ens venen al cap de tot el que hem viscut amb tu.<br \/>\nVeure\u2019t asseguda a l\u2019ordinador amb els&hellip;  <a href=\"https:\/\/agora.xtec.cat\/ceip-catalunya-sabadell\/portada\/estimada-nuria\/\" title=\"Read Estimada N\u00faria\">Llegeix m\u00e9s\u00bb<\/a><\/p>\n","protected":false},"author":3,"featured_media":0,"comment_status":"open","ping_status":"closed","sticky":false,"template":"","format":"standard","meta":{"_bbp_topic_count":0,"_bbp_reply_count":0,"_bbp_total_topic_count":0,"_bbp_total_reply_count":0,"_bbp_voice_count":0,"_bbp_anonymous_reply_count":0,"_bbp_topic_count_hidden":0,"_bbp_reply_count_hidden":0,"_bbp_forum_subforum_count":0,"footnotes":""},"categories":[4],"tags":[112],"class_list":["post-1924","post","type-post","status-publish","format-standard","hentry","category-portada","tag-et-portarem-en-el-cor"],"post_mailing_queue_ids":[],"_links":{"self":[{"href":"https:\/\/agora.xtec.cat\/ceip-catalunya-sabadell\/wp-json\/wp\/v2\/posts\/1924","targetHints":{"allow":["GET"]}}],"collection":[{"href":"https:\/\/agora.xtec.cat\/ceip-catalunya-sabadell\/wp-json\/wp\/v2\/posts"}],"about":[{"href":"https:\/\/agora.xtec.cat\/ceip-catalunya-sabadell\/wp-json\/wp\/v2\/types\/post"}],"author":[{"embeddable":true,"href":"https:\/\/agora.xtec.cat\/ceip-catalunya-sabadell\/wp-json\/wp\/v2\/users\/3"}],"replies":[{"embeddable":true,"href":"https:\/\/agora.xtec.cat\/ceip-catalunya-sabadell\/wp-json\/wp\/v2\/comments?post=1924"}],"version-history":[{"count":3,"href":"https:\/\/agora.xtec.cat\/ceip-catalunya-sabadell\/wp-json\/wp\/v2\/posts\/1924\/revisions"}],"predecessor-version":[{"id":1928,"href":"https:\/\/agora.xtec.cat\/ceip-catalunya-sabadell\/wp-json\/wp\/v2\/posts\/1924\/revisions\/1928"}],"wp:attachment":[{"href":"https:\/\/agora.xtec.cat\/ceip-catalunya-sabadell\/wp-json\/wp\/v2\/media?parent=1924"}],"wp:term":[{"taxonomy":"category","embeddable":true,"href":"https:\/\/agora.xtec.cat\/ceip-catalunya-sabadell\/wp-json\/wp\/v2\/categories?post=1924"},{"taxonomy":"post_tag","embeddable":true,"href":"https:\/\/agora.xtec.cat\/ceip-catalunya-sabadell\/wp-json\/wp\/v2\/tags?post=1924"}],"curies":[{"name":"wp","href":"https:\/\/api.w.org\/{rel}","templated":true}]}}