{"id":1911,"date":"2018-04-04T12:00:07","date_gmt":"2018-04-04T10:00:07","guid":{"rendered":"http:\/\/agora.xtec.cat\/ceip-catalunya-sabadell\/?p=1911"},"modified":"2018-04-04T12:08:20","modified_gmt":"2018-04-04T10:08:20","slug":"inauguracio-torre-de-laigua","status":"publish","type":"post","link":"https:\/\/agora.xtec.cat\/ceip-catalunya-sabadell\/portada\/inauguracio-torre-de-laigua\/","title":{"rendered":"INAUGURACI\u00d3 TORRE DE L&#8217;AIGUA"},"content":{"rendered":"<p>En motiu del centenari de la inauguraci\u00f3 de la Torre de l&#8217;aigua de la ciutat, tots els nens i nenes de l&#8217;escola han participat en l&#8217;elaboraci\u00f3 d&#8217;un mural gegant per a commemorar aquesta efem\u00e8ride.<\/p>\n<p>Des de P3 fins a 6\u00e8 han col\u00b7laborat en la pintura i col\u00b7locaci\u00f3 de diferents llegums (civada, s\u00e8gol, soja, llenties&#8230;) per a acolorir-la i decorar aquesta torre tan representativa de la nostra ciutat.<\/p>\n<p>Avui, finalment, l&#8217;hem pogut penjar i tots els nens i nenes de l&#8217;escola han sortit a veure-la i a escoltar la seva hist\u00f2ria.<\/p>\n<p>Cliqueu a la imatge per a veure m\u00e9s fotografies<\/p>\n<p>&nbsp;<\/p>\n<p><a href=\"https:\/\/photos.app.goo.gl\/mnSTOxYBbzTJaa3p1\"><img loading=\"lazy\" decoding=\"async\" class=\"wp-image-1913 size-medium\" src=\"http:\/\/agora.xtec.cat\/ceip-catalunya-sabadell\/wp-content\/uploads\/usu823\/2018\/04\/P4050287-225x300.jpg\" alt=\"\" width=\"225\" height=\"300\" srcset=\"https:\/\/agora.xtec.cat\/ceip-catalunya-sabadell\/wp-content\/uploads\/usu823\/2018\/04\/P4050287-225x300.jpg 225w, https:\/\/agora.xtec.cat\/ceip-catalunya-sabadell\/wp-content\/uploads\/usu823\/2018\/04\/P4050287-768x1024.jpg 768w, https:\/\/agora.xtec.cat\/ceip-catalunya-sabadell\/wp-content\/uploads\/usu823\/2018\/04\/P4050287.jpg 1694w\" sizes=\"auto, (max-width: 225px) 100vw, 225px\" \/><\/a><\/p>\n<p><iframe loading=\"lazy\" src=\"\/\/www.youtube.com\/embed\/gfDC3DNPm-w\" width=\"560\" height=\"314\" allowfullscreen=\"allowfullscreen\"><\/iframe><\/p>\n","protected":false},"excerpt":{"rendered":"<p>En motiu del centenari de la inauguraci\u00f3 de la Torre de l&#8217;aigua de la ciutat, tots els nens i nenes de l&#8217;escola han participat en l&#8217;elaboraci\u00f3 d&#8217;un mural gegant per a commemorar aquesta efem\u00e8ride.<br \/>\nDes de P3 fins a 6\u00e8 han col\u00b7laborat en la pintura i&hellip;  <a href=\"https:\/\/agora.xtec.cat\/ceip-catalunya-sabadell\/portada\/inauguracio-torre-de-laigua\/\" title=\"Read INAUGURACI\u00d3 TORRE DE L&#8217;AIGUA\">Llegeix m\u00e9s\u00bb<\/a><\/p>\n","protected":false},"author":3,"featured_media":1805,"comment_status":"open","ping_status":"closed","sticky":false,"template":"","format":"standard","meta":{"_bbp_topic_count":0,"_bbp_reply_count":0,"_bbp_total_topic_count":0,"_bbp_total_reply_count":0,"_bbp_voice_count":0,"_bbp_anonymous_reply_count":0,"_bbp_topic_count_hidden":0,"_bbp_reply_count_hidden":0,"_bbp_forum_subforum_count":0,"footnotes":""},"categories":[13,14,15,40,4],"tags":[],"class_list":["post-1911","post","type-post","status-publish","format-standard","has-post-thumbnail","hentry","category-4t","category-5e","category-6e","category-artscrafts","category-portada"],"post_mailing_queue_ids":[],"_links":{"self":[{"href":"https:\/\/agora.xtec.cat\/ceip-catalunya-sabadell\/wp-json\/wp\/v2\/posts\/1911","targetHints":{"allow":["GET"]}}],"collection":[{"href":"https:\/\/agora.xtec.cat\/ceip-catalunya-sabadell\/wp-json\/wp\/v2\/posts"}],"about":[{"href":"https:\/\/agora.xtec.cat\/ceip-catalunya-sabadell\/wp-json\/wp\/v2\/types\/post"}],"author":[{"embeddable":true,"href":"https:\/\/agora.xtec.cat\/ceip-catalunya-sabadell\/wp-json\/wp\/v2\/users\/3"}],"replies":[{"embeddable":true,"href":"https:\/\/agora.xtec.cat\/ceip-catalunya-sabadell\/wp-json\/wp\/v2\/comments?post=1911"}],"version-history":[{"count":2,"href":"https:\/\/agora.xtec.cat\/ceip-catalunya-sabadell\/wp-json\/wp\/v2\/posts\/1911\/revisions"}],"predecessor-version":[{"id":1915,"href":"https:\/\/agora.xtec.cat\/ceip-catalunya-sabadell\/wp-json\/wp\/v2\/posts\/1911\/revisions\/1915"}],"wp:featuredmedia":[{"embeddable":true,"href":"https:\/\/agora.xtec.cat\/ceip-catalunya-sabadell\/wp-json\/wp\/v2\/media\/1805"}],"wp:attachment":[{"href":"https:\/\/agora.xtec.cat\/ceip-catalunya-sabadell\/wp-json\/wp\/v2\/media?parent=1911"}],"wp:term":[{"taxonomy":"category","embeddable":true,"href":"https:\/\/agora.xtec.cat\/ceip-catalunya-sabadell\/wp-json\/wp\/v2\/categories?post=1911"},{"taxonomy":"post_tag","embeddable":true,"href":"https:\/\/agora.xtec.cat\/ceip-catalunya-sabadell\/wp-json\/wp\/v2\/tags?post=1911"}],"curies":[{"name":"wp","href":"https:\/\/api.w.org\/{rel}","templated":true}]}}