{"id":1843,"date":"2018-03-23T12:55:59","date_gmt":"2018-03-23T11:55:59","guid":{"rendered":"http:\/\/agora.xtec.cat\/ceip-catalunya-sabadell\/?p=1843"},"modified":"2018-03-23T12:55:59","modified_gmt":"2018-03-23T11:55:59","slug":"joguines-al-pati","status":"publish","type":"post","link":"https:\/\/agora.xtec.cat\/ceip-catalunya-sabadell\/general\/joguines-al-pati\/","title":{"rendered":"JOGUINES AL PATI"},"content":{"rendered":"<p>Bon dia fam\u00edlies!!!<\/p>\n<p>Des de fa uns dies el pati d&#8217;infantil est\u00e0 revolucionat!!! Han arribat joguines noves!!! Tenim pales, galledes, motlles, camions&#8230;.. i fins i tot motos, tricicles i bicicletes!!! Estem molt contents i ens ho passem d&#8217;all\u00f2 m\u00e9s b\u00e9!!!<\/p>\n<p>&nbsp;<\/p>\n<p><iframe loading=\"lazy\" src=\"\/\/www.youtube.com\/embed\/bGoc6bYrvCM\" width=\"560\" height=\"314\"><\/iframe><\/p>\n<p>&nbsp;<\/p>\n<p>Gr\u00e0cies a la vostra col.laboraci\u00f3 ara gaudim molt m\u00e9s de l&#8217;estona del pati!!!<\/p>\n<p>&nbsp;<\/p>\n<p>Fins aviat!!<\/p>\n","protected":false},"excerpt":{"rendered":"<p>Bon dia fam\u00edlies!!!<br \/>\nDes de fa uns dies el pati d&#8217;infantil est\u00e0 revolucionat!!! Han arribat joguines noves!!! Tenim pales, galledes, motlles, camions&#8230;.. i fins i tot motos, tricicles i bicicletes!!! Estem molt contents i ens ho passem d&#8217;all\u00f2 m\u00e9s b\u00e9!!!<br \/>\n&nbsp;<\/p>\n<p>&nbsp;<br \/>\nGr\u00e0cies a la vostra col.laboraci\u00f3 ara gaudim&hellip;  <a href=\"https:\/\/agora.xtec.cat\/ceip-catalunya-sabadell\/general\/joguines-al-pati\/\" title=\"Read JOGUINES AL PATI\">Llegeix m\u00e9s\u00bb<\/a><\/p>\n","protected":false},"author":40,"featured_media":1901,"comment_status":"open","ping_status":"closed","sticky":false,"template":"","format":"standard","meta":{"_bbp_topic_count":0,"_bbp_reply_count":0,"_bbp_total_topic_count":0,"_bbp_total_reply_count":0,"_bbp_voice_count":0,"_bbp_anonymous_reply_count":0,"_bbp_topic_count_hidden":0,"_bbp_reply_count_hidden":0,"_bbp_forum_subforum_count":0,"footnotes":""},"categories":[1,2,4],"tags":[],"class_list":["post-1843","post","type-post","status-publish","format-standard","has-post-thumbnail","hentry","category-general","category-infantil","category-portada"],"post_mailing_queue_ids":[],"_links":{"self":[{"href":"https:\/\/agora.xtec.cat\/ceip-catalunya-sabadell\/wp-json\/wp\/v2\/posts\/1843","targetHints":{"allow":["GET"]}}],"collection":[{"href":"https:\/\/agora.xtec.cat\/ceip-catalunya-sabadell\/wp-json\/wp\/v2\/posts"}],"about":[{"href":"https:\/\/agora.xtec.cat\/ceip-catalunya-sabadell\/wp-json\/wp\/v2\/types\/post"}],"author":[{"embeddable":true,"href":"https:\/\/agora.xtec.cat\/ceip-catalunya-sabadell\/wp-json\/wp\/v2\/users\/40"}],"replies":[{"embeddable":true,"href":"https:\/\/agora.xtec.cat\/ceip-catalunya-sabadell\/wp-json\/wp\/v2\/comments?post=1843"}],"version-history":[{"count":1,"href":"https:\/\/agora.xtec.cat\/ceip-catalunya-sabadell\/wp-json\/wp\/v2\/posts\/1843\/revisions"}],"predecessor-version":[{"id":1845,"href":"https:\/\/agora.xtec.cat\/ceip-catalunya-sabadell\/wp-json\/wp\/v2\/posts\/1843\/revisions\/1845"}],"wp:featuredmedia":[{"embeddable":true,"href":"https:\/\/agora.xtec.cat\/ceip-catalunya-sabadell\/wp-json\/wp\/v2\/media\/1901"}],"wp:attachment":[{"href":"https:\/\/agora.xtec.cat\/ceip-catalunya-sabadell\/wp-json\/wp\/v2\/media?parent=1843"}],"wp:term":[{"taxonomy":"category","embeddable":true,"href":"https:\/\/agora.xtec.cat\/ceip-catalunya-sabadell\/wp-json\/wp\/v2\/categories?post=1843"},{"taxonomy":"post_tag","embeddable":true,"href":"https:\/\/agora.xtec.cat\/ceip-catalunya-sabadell\/wp-json\/wp\/v2\/tags?post=1843"}],"curies":[{"name":"wp","href":"https:\/\/api.w.org\/{rel}","templated":true}]}}