{"id":1840,"date":"2018-03-22T09:26:04","date_gmt":"2018-03-22T08:26:04","guid":{"rendered":"http:\/\/agora.xtec.cat\/ceip-catalunya-sabadell\/?p=1840"},"modified":"2018-03-22T09:26:56","modified_gmt":"2018-03-22T08:26:56","slug":"experiment-de-refraccio-i-reflexio-de-la-llum","status":"publish","type":"post","link":"https:\/\/agora.xtec.cat\/ceip-catalunya-sabadell\/portada\/experiment-de-refraccio-i-reflexio-de-la-llum\/","title":{"rendered":"EXPERIMENT DE REFRACCI\u00d3  I REFLEXI\u00d3 DE LA LLUM"},"content":{"rendered":"<p>Aquest mat\u00ed els alumnes de sis\u00e8 hem experimentat dues de les propietats de la llum &#8220;la refracci\u00f3 i la reflexi\u00f3&#8221;; mitjan\u00e7ant 4 materials: dos gots transparents, aigua, llet i sobretot un l\u00e0ser que ens ha fet de llum.<\/p>\n<p>Tots nosaltres hem pogut veure en primer lloc a la refracci\u00f3 de la llum a trav\u00e9s del l\u00e0ser i un got ple d&#8217;aigua, doncs quan enfoc\u00e0vem amb el l\u00e0ser la propagaci\u00f3 de la llum seguia viatjant en l\u00ednia recta per\u00f2 la imatge es distorsionava degut a que la llum ha viatjat a trav\u00e9s de 2 medis diferents (l&#8217;aire i l&#8217;aigua), a les dues velocitats s\u00f3n diferents, per aix\u00f2 hem pogut comprovar el fenomen de <strong>REFRACCI\u00d3<\/strong>.<\/p>\n<p>Tot seguit hem afegit llet a l&#8217;aigua, i la llum ha canviat de direcci\u00f3 autom\u00e0ticament, doncs al xocar amb la llet que \u00e9s opaca, el sentit de la llum ha variat i per aix\u00f2 hi ha hagut una <strong>REFLEXI\u00d3\u00a0<\/strong>de la llum, fenomen que passa quan la llum que es propaga en l\u00ednia recta topa amb un material opac i REFLECTEIX.<\/p>\n<p>&nbsp;<\/p>\n<p><a href=\"https:\/\/photos.app.goo.gl\/dH7fjf0oLzTyaikt1\"><img loading=\"lazy\" decoding=\"async\" class=\"size-full wp-image-1841 aligncenter\" src=\"http:\/\/agora.xtec.cat\/ceip-catalunya-sabadell\/wp-content\/uploads\/usu823\/2018\/03\/resized_IMG_8539.jpg\" alt=\"\" width=\"240\" height=\"320\" srcset=\"https:\/\/agora.xtec.cat\/ceip-catalunya-sabadell\/wp-content\/uploads\/usu823\/2018\/03\/resized_IMG_8539.jpg 240w, https:\/\/agora.xtec.cat\/ceip-catalunya-sabadell\/wp-content\/uploads\/usu823\/2018\/03\/resized_IMG_8539-225x300.jpg 225w\" sizes=\"auto, (max-width: 240px) 100vw, 240px\" \/><\/a><\/p>\n","protected":false},"excerpt":{"rendered":"<p>Aquest mat\u00ed els alumnes de sis\u00e8 hem experimentat dues de les propietats de la llum &#8220;la refracci\u00f3 i la reflexi\u00f3&#8221;; mitjan\u00e7ant 4 materials: dos gots transparents, aigua, llet i sobretot un l\u00e0ser que ens ha fet de llum.<br \/>\nTots nosaltres hem pogut veure en primer lloc&hellip;  <a href=\"https:\/\/agora.xtec.cat\/ceip-catalunya-sabadell\/portada\/experiment-de-refraccio-i-reflexio-de-la-llum\/\" title=\"Read EXPERIMENT DE REFRACCI\u00d3  I REFLEXI\u00d3 DE LA LLUM\">Llegeix m\u00e9s\u00bb<\/a><\/p>\n","protected":false},"author":22,"featured_media":1841,"comment_status":"open","ping_status":"closed","sticky":false,"template":"","format":"standard","meta":{"_bbp_topic_count":0,"_bbp_reply_count":0,"_bbp_total_topic_count":0,"_bbp_total_reply_count":0,"_bbp_voice_count":0,"_bbp_anonymous_reply_count":0,"_bbp_topic_count_hidden":0,"_bbp_reply_count_hidden":0,"_bbp_forum_subforum_count":0,"footnotes":""},"categories":[15,4],"tags":[],"class_list":["post-1840","post","type-post","status-publish","format-standard","has-post-thumbnail","hentry","category-6e","category-portada"],"post_mailing_queue_ids":[],"_links":{"self":[{"href":"https:\/\/agora.xtec.cat\/ceip-catalunya-sabadell\/wp-json\/wp\/v2\/posts\/1840","targetHints":{"allow":["GET"]}}],"collection":[{"href":"https:\/\/agora.xtec.cat\/ceip-catalunya-sabadell\/wp-json\/wp\/v2\/posts"}],"about":[{"href":"https:\/\/agora.xtec.cat\/ceip-catalunya-sabadell\/wp-json\/wp\/v2\/types\/post"}],"author":[{"embeddable":true,"href":"https:\/\/agora.xtec.cat\/ceip-catalunya-sabadell\/wp-json\/wp\/v2\/users\/22"}],"replies":[{"embeddable":true,"href":"https:\/\/agora.xtec.cat\/ceip-catalunya-sabadell\/wp-json\/wp\/v2\/comments?post=1840"}],"version-history":[{"count":1,"href":"https:\/\/agora.xtec.cat\/ceip-catalunya-sabadell\/wp-json\/wp\/v2\/posts\/1840\/revisions"}],"predecessor-version":[{"id":1842,"href":"https:\/\/agora.xtec.cat\/ceip-catalunya-sabadell\/wp-json\/wp\/v2\/posts\/1840\/revisions\/1842"}],"wp:featuredmedia":[{"embeddable":true,"href":"https:\/\/agora.xtec.cat\/ceip-catalunya-sabadell\/wp-json\/wp\/v2\/media\/1841"}],"wp:attachment":[{"href":"https:\/\/agora.xtec.cat\/ceip-catalunya-sabadell\/wp-json\/wp\/v2\/media?parent=1840"}],"wp:term":[{"taxonomy":"category","embeddable":true,"href":"https:\/\/agora.xtec.cat\/ceip-catalunya-sabadell\/wp-json\/wp\/v2\/categories?post=1840"},{"taxonomy":"post_tag","embeddable":true,"href":"https:\/\/agora.xtec.cat\/ceip-catalunya-sabadell\/wp-json\/wp\/v2\/tags?post=1840"}],"curies":[{"name":"wp","href":"https:\/\/api.w.org\/{rel}","templated":true}]}}