{"id":1821,"date":"2018-03-16T12:41:29","date_gmt":"2018-03-16T11:41:29","guid":{"rendered":"http:\/\/agora.xtec.cat\/ceip-catalunya-sabadell\/?p=1821"},"modified":"2018-03-16T15:02:43","modified_gmt":"2018-03-16T14:02:43","slug":"ampa-catalunya-informa-xerrada-lgtbifobia","status":"publish","type":"post","link":"https:\/\/agora.xtec.cat\/ceip-catalunya-sabadell\/portada\/ampa-catalunya-informa-xerrada-lgtbifobia\/","title":{"rendered":"AMPA CATALUNYA INFORMA: XERRADA LGTBIF\u00d2BIA"},"content":{"rendered":"<p>Benvolgudes fam\u00edlies, des de l&#8217;escola us animem a assistir a la seg\u00fcent activitat organitzada per l&#8217;AMPA (enlla\u00e7 inscripci\u00f3:\u00a0<a href=\"https:\/\/docs.google.com\/forms\/d\/1h1hK2RU_iXVzKUS5d8SApN83YD_5J9a-3TnU9iGt0Co\/edit\">https:\/\/docs.google.com\/forms\/d\/1h1hK2RU_iXVzKUS5d8SApN83YD_5J9a-3TnU9iGt0Co\/edit<\/a>\u00a0)<\/p>\n<p><a href=\"http:\/\/agora.xtec.cat\/ceip-catalunya-sabadell\/wp-content\/uploads\/usu823\/2018\/03\/Image.jpg\"><img loading=\"lazy\" decoding=\"async\" class=\"alignnone size-large wp-image-1822\" src=\"http:\/\/agora.xtec.cat\/ceip-catalunya-sabadell\/wp-content\/uploads\/usu823\/2018\/03\/Image-724x1024.jpg\" alt=\"\" width=\"724\" height=\"1024\" srcset=\"https:\/\/agora.xtec.cat\/ceip-catalunya-sabadell\/wp-content\/uploads\/usu823\/2018\/03\/Image.jpg 724w, https:\/\/agora.xtec.cat\/ceip-catalunya-sabadell\/wp-content\/uploads\/usu823\/2018\/03\/Image-212x300.jpg 212w\" sizes=\"auto, (max-width: 724px) 100vw, 724px\" \/><\/a><\/p>\n","protected":false},"excerpt":{"rendered":"<p>Benvolgudes fam\u00edlies, des de l&#8217;escola us animem a assistir a la seg\u00fcent activitat organitzada per l&#8217;AMPA (enlla\u00e7 inscripci\u00f3:\u00a0<a href=\"https:\/\/docs.google.com\/forms\/d\/1h1hK2RU_iXVzKUS5d8SApN83YD_5J9a-3TnU9iGt0Co\/edit\">https:\/\/docs.google.com\/forms\/d\/1h1hK2RU_iXVzKUS5d8SApN83YD_5J9a-3TnU9iGt0Co\/edit<\/a>\u00a0)<br \/>\n<a href=\"http:\/\/agora.xtec.cat\/ceip-catalunya-sabadell\/wp-content\/uploads\/usu823\/2018\/03\/Image.jpg\"><\/a><\/p>\n","protected":false},"author":22,"featured_media":1805,"comment_status":"open","ping_status":"closed","sticky":false,"template":"","format":"standard","meta":{"_bbp_topic_count":0,"_bbp_reply_count":0,"_bbp_total_topic_count":0,"_bbp_total_reply_count":0,"_bbp_voice_count":0,"_bbp_anonymous_reply_count":0,"_bbp_topic_count_hidden":0,"_bbp_reply_count_hidden":0,"_bbp_forum_subforum_count":0,"footnotes":""},"categories":[7,4],"tags":[111],"class_list":["post-1821","post","type-post","status-publish","format-standard","has-post-thumbnail","hentry","category-ampa","category-portada","tag-xerrada"],"post_mailing_queue_ids":[],"_links":{"self":[{"href":"https:\/\/agora.xtec.cat\/ceip-catalunya-sabadell\/wp-json\/wp\/v2\/posts\/1821","targetHints":{"allow":["GET"]}}],"collection":[{"href":"https:\/\/agora.xtec.cat\/ceip-catalunya-sabadell\/wp-json\/wp\/v2\/posts"}],"about":[{"href":"https:\/\/agora.xtec.cat\/ceip-catalunya-sabadell\/wp-json\/wp\/v2\/types\/post"}],"author":[{"embeddable":true,"href":"https:\/\/agora.xtec.cat\/ceip-catalunya-sabadell\/wp-json\/wp\/v2\/users\/22"}],"replies":[{"embeddable":true,"href":"https:\/\/agora.xtec.cat\/ceip-catalunya-sabadell\/wp-json\/wp\/v2\/comments?post=1821"}],"version-history":[{"count":1,"href":"https:\/\/agora.xtec.cat\/ceip-catalunya-sabadell\/wp-json\/wp\/v2\/posts\/1821\/revisions"}],"predecessor-version":[{"id":1823,"href":"https:\/\/agora.xtec.cat\/ceip-catalunya-sabadell\/wp-json\/wp\/v2\/posts\/1821\/revisions\/1823"}],"wp:featuredmedia":[{"embeddable":true,"href":"https:\/\/agora.xtec.cat\/ceip-catalunya-sabadell\/wp-json\/wp\/v2\/media\/1805"}],"wp:attachment":[{"href":"https:\/\/agora.xtec.cat\/ceip-catalunya-sabadell\/wp-json\/wp\/v2\/media?parent=1821"}],"wp:term":[{"taxonomy":"category","embeddable":true,"href":"https:\/\/agora.xtec.cat\/ceip-catalunya-sabadell\/wp-json\/wp\/v2\/categories?post=1821"},{"taxonomy":"post_tag","embeddable":true,"href":"https:\/\/agora.xtec.cat\/ceip-catalunya-sabadell\/wp-json\/wp\/v2\/tags?post=1821"}],"curies":[{"name":"wp","href":"https:\/\/api.w.org\/{rel}","templated":true}]}}