{"id":1800,"date":"2018-03-06T09:19:22","date_gmt":"2018-03-06T08:19:22","guid":{"rendered":"http:\/\/agora.xtec.cat\/ceip-catalunya-sabadell\/?p=1800"},"modified":"2018-03-06T09:19:22","modified_gmt":"2018-03-06T08:19:22","slug":"museu-dart-de-sabadell","status":"publish","type":"post","link":"https:\/\/agora.xtec.cat\/ceip-catalunya-sabadell\/artscrafts\/museu-dart-de-sabadell\/","title":{"rendered":"Museu d&#8217;Art de Sabadell"},"content":{"rendered":"<p>Els nens i nenes de 1r hem visitat el Museu d\u2019Art de Sabadell i hem apr\u00e8s moltes coses sobre els retrats com per exemple saber-los observar. Tamb\u00e9 hem realitzat diversos jocs relacionats amb els retrats del museu, ens ho hem passat molt b\u00e9!<\/p>\n<p>Cliqueu l\u2019enlla\u00e7 i podreu veure les fotografies de les activitats realitzades.<\/p>\n<p><a href=\"https:\/\/photos.app.goo.gl\/cHgN24cx48nEih3B2\">https:\/\/photos.app.goo.gl\/cHgN24cx48nEih3B2<\/a>\u00a0(1r A)<\/p>\n<p><a href=\"https:\/\/photos.app.goo.gl\/rl9NlPtjXbMh9OyA3\">https:\/\/photos.app.goo.gl\/rl9NlPtjXbMh9OyA3<\/a>\u00a0(1r B)<\/p>\n","protected":false},"excerpt":{"rendered":"<p>Els nens i nenes de 1r hem visitat el Museu d\u2019Art de Sabadell i hem apr\u00e8s moltes coses sobre els retrats com per exemple saber-los observar. Tamb\u00e9 hem realitzat diversos jocs relacionats amb els retrats del museu, ens ho hem passat molt b\u00e9!<br \/>\nCliqueu l\u2019enlla\u00e7 i&hellip;  <a href=\"https:\/\/agora.xtec.cat\/ceip-catalunya-sabadell\/artscrafts\/museu-dart-de-sabadell\/\" title=\"Read Museu d&#8217;Art de Sabadell\">Llegeix m\u00e9s\u00bb<\/a><\/p>\n","protected":false},"author":26,"featured_media":0,"comment_status":"open","ping_status":"closed","sticky":false,"template":"","format":"standard","meta":{"_bbp_topic_count":0,"_bbp_reply_count":0,"_bbp_total_topic_count":0,"_bbp_total_reply_count":0,"_bbp_voice_count":0,"_bbp_anonymous_reply_count":0,"_bbp_topic_count_hidden":0,"_bbp_reply_count_hidden":0,"_bbp_forum_subforum_count":0,"footnotes":""},"categories":[40],"tags":[],"class_list":["post-1800","post","type-post","status-publish","format-standard","hentry","category-artscrafts"],"post_mailing_queue_ids":[],"_links":{"self":[{"href":"https:\/\/agora.xtec.cat\/ceip-catalunya-sabadell\/wp-json\/wp\/v2\/posts\/1800","targetHints":{"allow":["GET"]}}],"collection":[{"href":"https:\/\/agora.xtec.cat\/ceip-catalunya-sabadell\/wp-json\/wp\/v2\/posts"}],"about":[{"href":"https:\/\/agora.xtec.cat\/ceip-catalunya-sabadell\/wp-json\/wp\/v2\/types\/post"}],"author":[{"embeddable":true,"href":"https:\/\/agora.xtec.cat\/ceip-catalunya-sabadell\/wp-json\/wp\/v2\/users\/26"}],"replies":[{"embeddable":true,"href":"https:\/\/agora.xtec.cat\/ceip-catalunya-sabadell\/wp-json\/wp\/v2\/comments?post=1800"}],"version-history":[{"count":3,"href":"https:\/\/agora.xtec.cat\/ceip-catalunya-sabadell\/wp-json\/wp\/v2\/posts\/1800\/revisions"}],"predecessor-version":[{"id":1811,"href":"https:\/\/agora.xtec.cat\/ceip-catalunya-sabadell\/wp-json\/wp\/v2\/posts\/1800\/revisions\/1811"}],"wp:attachment":[{"href":"https:\/\/agora.xtec.cat\/ceip-catalunya-sabadell\/wp-json\/wp\/v2\/media?parent=1800"}],"wp:term":[{"taxonomy":"category","embeddable":true,"href":"https:\/\/agora.xtec.cat\/ceip-catalunya-sabadell\/wp-json\/wp\/v2\/categories?post=1800"},{"taxonomy":"post_tag","embeddable":true,"href":"https:\/\/agora.xtec.cat\/ceip-catalunya-sabadell\/wp-json\/wp\/v2\/tags?post=1800"}],"curies":[{"name":"wp","href":"https:\/\/api.w.org\/{rel}","templated":true}]}}