{"id":1796,"date":"2018-03-06T09:17:57","date_gmt":"2018-03-06T08:17:57","guid":{"rendered":"http:\/\/agora.xtec.cat\/ceip-catalunya-sabadell\/?p=1796"},"modified":"2018-03-06T09:17:57","modified_gmt":"2018-03-06T08:17:57","slug":"dijous-gras-2","status":"publish","type":"post","link":"https:\/\/agora.xtec.cat\/ceip-catalunya-sabadell\/general\/dijous-gras-2\/","title":{"rendered":"Dijous gras"},"content":{"rendered":"<p>Per celebrar dijous gras els nens i nenes de 1r i 2n vam fer una excursi\u00f3 pels rodals de Sabadell caminant per la vora del riu Ripoll. Vam caminar una bona estona i ens ho vam passar d\u2019all\u00f2 m\u00e9s b\u00e9!<\/p>\n<p>Cliqueu l\u2019enlla\u00e7 i podreu veure les fotografies.<\/p>\n<p><a href=\"https:\/\/photos.app.goo.gl\/7EqSCfFcGps6RgaO2\">https:\/\/photos.app.goo.gl\/7EqSCfFcGps6RgaO2<\/a><\/p>\n<p>&nbsp;<\/p>\n","protected":false},"excerpt":{"rendered":"<p>Per celebrar dijous gras els nens i nenes de 1r i 2n vam fer una excursi\u00f3 pels rodals de Sabadell caminant per la vora del riu Ripoll. Vam caminar una bona estona i ens ho vam passar d\u2019all\u00f2 m\u00e9s b\u00e9!<br \/>\nCliqueu l\u2019enlla\u00e7 i podreu veure les&hellip;  <a href=\"https:\/\/agora.xtec.cat\/ceip-catalunya-sabadell\/general\/dijous-gras-2\/\" title=\"Read Dijous gras\">Llegeix m\u00e9s\u00bb<\/a><\/p>\n","protected":false},"author":26,"featured_media":0,"comment_status":"open","ping_status":"closed","sticky":false,"template":"","format":"standard","meta":{"_bbp_topic_count":0,"_bbp_reply_count":0,"_bbp_total_topic_count":0,"_bbp_total_reply_count":0,"_bbp_voice_count":0,"_bbp_anonymous_reply_count":0,"_bbp_topic_count_hidden":0,"_bbp_reply_count_hidden":0,"_bbp_forum_subforum_count":0,"footnotes":""},"categories":[1],"tags":[108,109],"class_list":["post-1796","post","type-post","status-publish","format-standard","hentry","category-general","tag-dijous-gras","tag-natura"],"post_mailing_queue_ids":[],"_links":{"self":[{"href":"https:\/\/agora.xtec.cat\/ceip-catalunya-sabadell\/wp-json\/wp\/v2\/posts\/1796","targetHints":{"allow":["GET"]}}],"collection":[{"href":"https:\/\/agora.xtec.cat\/ceip-catalunya-sabadell\/wp-json\/wp\/v2\/posts"}],"about":[{"href":"https:\/\/agora.xtec.cat\/ceip-catalunya-sabadell\/wp-json\/wp\/v2\/types\/post"}],"author":[{"embeddable":true,"href":"https:\/\/agora.xtec.cat\/ceip-catalunya-sabadell\/wp-json\/wp\/v2\/users\/26"}],"replies":[{"embeddable":true,"href":"https:\/\/agora.xtec.cat\/ceip-catalunya-sabadell\/wp-json\/wp\/v2\/comments?post=1796"}],"version-history":[{"count":2,"href":"https:\/\/agora.xtec.cat\/ceip-catalunya-sabadell\/wp-json\/wp\/v2\/posts\/1796\/revisions"}],"predecessor-version":[{"id":1812,"href":"https:\/\/agora.xtec.cat\/ceip-catalunya-sabadell\/wp-json\/wp\/v2\/posts\/1796\/revisions\/1812"}],"wp:attachment":[{"href":"https:\/\/agora.xtec.cat\/ceip-catalunya-sabadell\/wp-json\/wp\/v2\/media?parent=1796"}],"wp:term":[{"taxonomy":"category","embeddable":true,"href":"https:\/\/agora.xtec.cat\/ceip-catalunya-sabadell\/wp-json\/wp\/v2\/categories?post=1796"},{"taxonomy":"post_tag","embeddable":true,"href":"https:\/\/agora.xtec.cat\/ceip-catalunya-sabadell\/wp-json\/wp\/v2\/tags?post=1796"}],"curies":[{"name":"wp","href":"https:\/\/api.w.org\/{rel}","templated":true}]}}