{"id":1783,"date":"2018-03-06T07:40:24","date_gmt":"2018-03-06T06:40:24","guid":{"rendered":"http:\/\/agora.xtec.cat\/ceip-catalunya-sabadell\/?p=1783"},"modified":"2018-03-06T07:40:24","modified_gmt":"2018-03-06T06:40:24","slug":"sortida-al-volca-montsacopa","status":"publish","type":"post","link":"https:\/\/agora.xtec.cat\/ceip-catalunya-sabadell\/primaria\/sortida-al-volca-montsacopa\/","title":{"rendered":"Sortida al volc\u00e0 Montsacopa"},"content":{"rendered":"<p>El dia 22 de febrer les classes de segon vam anar d&#8217;excursi\u00f3 a Olot per visitar el museu dels volcans i el volc\u00e0 Montsacopa. Va ser molt interessant i els experts en volcans, els alumnes de 2n B, ens van ensenyar moltes coses que no sab\u00edem. El projecte de la classe de 2n B d&#8217;enguany \u00e9s dels volcans. Vam poder dinar al cr\u00e0ter del volc\u00e0 i vam passar un molt bon dia! Si voleu veure tot el que vam fer, cliqueu a l&#8217;enlla\u00e7:<\/p>\n<p><a href=\"https:\/\/photos.app.goo.gl\/Vsagy7AFg6DgVIX33\">https:\/\/photos.app.goo.gl\/Vsagy7AFg6DgVIX33<\/a><\/p>\n<p><a href=\"http:\/\/agora.xtec.cat\/ceip-catalunya-sabadell\/wp-content\/uploads\/usu823\/2018\/03\/IMG_0829-e1520001461989.jpg\"><img loading=\"lazy\" decoding=\"async\" class=\"alignnone size-full wp-image-1784\" src=\"http:\/\/agora.xtec.cat\/ceip-catalunya-sabadell\/wp-content\/uploads\/usu823\/2018\/03\/IMG_0829-e1520001461989.jpg\" alt=\"\" width=\"480\" height=\"639\" srcset=\"https:\/\/agora.xtec.cat\/ceip-catalunya-sabadell\/wp-content\/uploads\/usu823\/2018\/03\/IMG_0829-e1520001461989.jpg 480w, https:\/\/agora.xtec.cat\/ceip-catalunya-sabadell\/wp-content\/uploads\/usu823\/2018\/03\/IMG_0829-e1520001461989-225x300.jpg 225w\" sizes=\"auto, (max-width: 480px) 100vw, 480px\" \/><\/a><\/p>\n","protected":false},"excerpt":{"rendered":"<p>El dia 22 de febrer les classes de segon vam anar d&#8217;excursi\u00f3 a Olot per visitar el museu dels volcans i el volc\u00e0 Montsacopa. Va ser molt interessant i els experts en volcans, els alumnes de 2n B, ens van ensenyar moltes coses que no&hellip;  <a href=\"https:\/\/agora.xtec.cat\/ceip-catalunya-sabadell\/primaria\/sortida-al-volca-montsacopa\/\" title=\"Read Sortida al volc\u00e0 Montsacopa\">Llegeix m\u00e9s\u00bb<\/a><\/p>\n","protected":false},"author":3,"featured_media":1805,"comment_status":"open","ping_status":"closed","sticky":false,"template":"","format":"standard","meta":{"_bbp_topic_count":0,"_bbp_reply_count":0,"_bbp_total_topic_count":0,"_bbp_total_reply_count":0,"_bbp_voice_count":0,"_bbp_anonymous_reply_count":0,"_bbp_topic_count_hidden":0,"_bbp_reply_count_hidden":0,"_bbp_forum_subforum_count":0,"footnotes":""},"categories":[5],"tags":[],"class_list":["post-1783","post","type-post","status-publish","format-standard","has-post-thumbnail","hentry","category-primaria"],"post_mailing_queue_ids":[],"_links":{"self":[{"href":"https:\/\/agora.xtec.cat\/ceip-catalunya-sabadell\/wp-json\/wp\/v2\/posts\/1783","targetHints":{"allow":["GET"]}}],"collection":[{"href":"https:\/\/agora.xtec.cat\/ceip-catalunya-sabadell\/wp-json\/wp\/v2\/posts"}],"about":[{"href":"https:\/\/agora.xtec.cat\/ceip-catalunya-sabadell\/wp-json\/wp\/v2\/types\/post"}],"author":[{"embeddable":true,"href":"https:\/\/agora.xtec.cat\/ceip-catalunya-sabadell\/wp-json\/wp\/v2\/users\/3"}],"replies":[{"embeddable":true,"href":"https:\/\/agora.xtec.cat\/ceip-catalunya-sabadell\/wp-json\/wp\/v2\/comments?post=1783"}],"version-history":[{"count":1,"href":"https:\/\/agora.xtec.cat\/ceip-catalunya-sabadell\/wp-json\/wp\/v2\/posts\/1783\/revisions"}],"predecessor-version":[{"id":1785,"href":"https:\/\/agora.xtec.cat\/ceip-catalunya-sabadell\/wp-json\/wp\/v2\/posts\/1783\/revisions\/1785"}],"wp:featuredmedia":[{"embeddable":true,"href":"https:\/\/agora.xtec.cat\/ceip-catalunya-sabadell\/wp-json\/wp\/v2\/media\/1805"}],"wp:attachment":[{"href":"https:\/\/agora.xtec.cat\/ceip-catalunya-sabadell\/wp-json\/wp\/v2\/media?parent=1783"}],"wp:term":[{"taxonomy":"category","embeddable":true,"href":"https:\/\/agora.xtec.cat\/ceip-catalunya-sabadell\/wp-json\/wp\/v2\/categories?post=1783"},{"taxonomy":"post_tag","embeddable":true,"href":"https:\/\/agora.xtec.cat\/ceip-catalunya-sabadell\/wp-json\/wp\/v2\/tags?post=1783"}],"curies":[{"name":"wp","href":"https:\/\/api.w.org\/{rel}","templated":true}]}}