{"id":1765,"date":"2018-03-02T14:09:35","date_gmt":"2018-03-02T13:09:35","guid":{"rendered":"http:\/\/agora.xtec.cat\/ceip-catalunya-sabadell\/?p=1765"},"modified":"2018-03-02T14:09:35","modified_gmt":"2018-03-02T13:09:35","slug":"dijous-gras","status":"publish","type":"post","link":"https:\/\/agora.xtec.cat\/ceip-catalunya-sabadell\/primaria\/dijous-gras\/","title":{"rendered":"Dijous gras"},"content":{"rendered":"<p>Per celebrar dijous gras vam anar a fer una excursi\u00f3 pels vorals del riu Ripoll de Sabadell. Vam apla\u00e7ar la sortida una setmana degut a les inclem\u00e8ncies meteorol\u00f2giques. Vam gaudir d&#8217;un dia de sol i la companyia dels alumnes de la nostra escola. Us deixem un enlla\u00e7 amb fotografies d&#8217;aquell dia:<\/p>\n<p><a href=\"https:\/\/photos.app.goo.gl\/WxCNqB41EulfTOmx2\">https:\/\/photos.app.goo.gl\/WxCNqB41EulfTOmx2<\/a><\/p>\n","protected":false},"excerpt":{"rendered":"<p>Per celebrar dijous gras vam anar a fer una excursi\u00f3 pels vorals del riu Ripoll de Sabadell. Vam apla\u00e7ar la sortida una setmana degut a les inclem\u00e8ncies meteorol\u00f2giques. Vam gaudir d&#8217;un dia de sol i la companyia dels alumnes de la nostra escola. Us deixem&hellip;  <a href=\"https:\/\/agora.xtec.cat\/ceip-catalunya-sabadell\/primaria\/dijous-gras\/\" title=\"Read Dijous gras\">Llegeix m\u00e9s\u00bb<\/a><\/p>\n","protected":false},"author":3,"featured_media":0,"comment_status":"open","ping_status":"closed","sticky":false,"template":"","format":"standard","meta":{"_bbp_topic_count":0,"_bbp_reply_count":0,"_bbp_total_topic_count":0,"_bbp_total_reply_count":0,"_bbp_voice_count":0,"_bbp_anonymous_reply_count":0,"_bbp_topic_count_hidden":0,"_bbp_reply_count_hidden":0,"_bbp_forum_subforum_count":0,"footnotes":""},"categories":[5],"tags":[],"class_list":["post-1765","post","type-post","status-publish","format-standard","hentry","category-primaria"],"post_mailing_queue_ids":[],"_links":{"self":[{"href":"https:\/\/agora.xtec.cat\/ceip-catalunya-sabadell\/wp-json\/wp\/v2\/posts\/1765","targetHints":{"allow":["GET"]}}],"collection":[{"href":"https:\/\/agora.xtec.cat\/ceip-catalunya-sabadell\/wp-json\/wp\/v2\/posts"}],"about":[{"href":"https:\/\/agora.xtec.cat\/ceip-catalunya-sabadell\/wp-json\/wp\/v2\/types\/post"}],"author":[{"embeddable":true,"href":"https:\/\/agora.xtec.cat\/ceip-catalunya-sabadell\/wp-json\/wp\/v2\/users\/3"}],"replies":[{"embeddable":true,"href":"https:\/\/agora.xtec.cat\/ceip-catalunya-sabadell\/wp-json\/wp\/v2\/comments?post=1765"}],"version-history":[{"count":1,"href":"https:\/\/agora.xtec.cat\/ceip-catalunya-sabadell\/wp-json\/wp\/v2\/posts\/1765\/revisions"}],"predecessor-version":[{"id":1782,"href":"https:\/\/agora.xtec.cat\/ceip-catalunya-sabadell\/wp-json\/wp\/v2\/posts\/1765\/revisions\/1782"}],"wp:attachment":[{"href":"https:\/\/agora.xtec.cat\/ceip-catalunya-sabadell\/wp-json\/wp\/v2\/media?parent=1765"}],"wp:term":[{"taxonomy":"category","embeddable":true,"href":"https:\/\/agora.xtec.cat\/ceip-catalunya-sabadell\/wp-json\/wp\/v2\/categories?post=1765"},{"taxonomy":"post_tag","embeddable":true,"href":"https:\/\/agora.xtec.cat\/ceip-catalunya-sabadell\/wp-json\/wp\/v2\/tags?post=1765"}],"curies":[{"name":"wp","href":"https:\/\/api.w.org\/{rel}","templated":true}]}}