{"id":1744,"date":"2018-02-28T10:59:14","date_gmt":"2018-02-28T09:59:14","guid":{"rendered":"http:\/\/agora.xtec.cat\/ceip-catalunya-sabadell\/?p=1744"},"modified":"2018-03-02T12:50:44","modified_gmt":"2018-03-02T11:50:44","slug":"un-altre-any-rodals","status":"publish","type":"post","link":"https:\/\/agora.xtec.cat\/ceip-catalunya-sabadell\/primaria\/4t\/un-altre-any-rodals\/","title":{"rendered":"Un altre any &#8220;Rodals&#8221;!!!!"},"content":{"rendered":"<p>Qu\u00e8 divertit poder compartir amb els companys una fant\u00e0stica excursi\u00f3 i un immillorable dinar!!<\/p>\n<p>Aquest any hem arribat fins a l&#8217;Ermita de Sant Feliuet&#8230;..I qu\u00e8 bonica es veu Sabadell des de dalt de la Serra de Galliners. Mireu quines fotos!!<\/p>\n<p><a href=\"https:\/\/photos.app.goo.gl\/plFiela2osxeqsxJ3\">https:\/\/photos.app.goo.gl\/plFiela2osxeqsxJ3<\/a><\/p>\n<p>&nbsp;<\/p>\n","protected":false},"excerpt":{"rendered":"<p>Qu\u00e8 divertit poder compartir amb els companys una fant\u00e0stica excursi\u00f3 i un immillorable dinar!!<br \/>\nAquest any hem arribat fins a l&#8217;Ermita de Sant Feliuet&#8230;..I qu\u00e8 bonica es veu Sabadell des de dalt de la Serra de Galliners. Mireu quines fotos!!<br \/>\n<a href=\"https:\/\/photos.app.goo.gl\/plFiela2osxeqsxJ3\">https:\/\/photos.app.goo.gl\/plFiela2osxeqsxJ3<\/a><br \/>\n&nbsp;<\/p>\n","protected":false},"author":38,"featured_media":0,"comment_status":"open","ping_status":"closed","sticky":false,"template":"","format":"standard","meta":{"_bbp_topic_count":0,"_bbp_reply_count":0,"_bbp_total_topic_count":0,"_bbp_total_reply_count":0,"_bbp_voice_count":0,"_bbp_anonymous_reply_count":0,"_bbp_topic_count_hidden":0,"_bbp_reply_count_hidden":0,"_bbp_forum_subforum_count":0,"footnotes":""},"categories":[13,36],"tags":[],"class_list":["post-1744","post","type-post","status-publish","format-standard","hentry","category-4t","category-festes"],"post_mailing_queue_ids":[],"_links":{"self":[{"href":"https:\/\/agora.xtec.cat\/ceip-catalunya-sabadell\/wp-json\/wp\/v2\/posts\/1744","targetHints":{"allow":["GET"]}}],"collection":[{"href":"https:\/\/agora.xtec.cat\/ceip-catalunya-sabadell\/wp-json\/wp\/v2\/posts"}],"about":[{"href":"https:\/\/agora.xtec.cat\/ceip-catalunya-sabadell\/wp-json\/wp\/v2\/types\/post"}],"author":[{"embeddable":true,"href":"https:\/\/agora.xtec.cat\/ceip-catalunya-sabadell\/wp-json\/wp\/v2\/users\/38"}],"replies":[{"embeddable":true,"href":"https:\/\/agora.xtec.cat\/ceip-catalunya-sabadell\/wp-json\/wp\/v2\/comments?post=1744"}],"version-history":[{"count":2,"href":"https:\/\/agora.xtec.cat\/ceip-catalunya-sabadell\/wp-json\/wp\/v2\/posts\/1744\/revisions"}],"predecessor-version":[{"id":1764,"href":"https:\/\/agora.xtec.cat\/ceip-catalunya-sabadell\/wp-json\/wp\/v2\/posts\/1744\/revisions\/1764"}],"wp:attachment":[{"href":"https:\/\/agora.xtec.cat\/ceip-catalunya-sabadell\/wp-json\/wp\/v2\/media?parent=1744"}],"wp:term":[{"taxonomy":"category","embeddable":true,"href":"https:\/\/agora.xtec.cat\/ceip-catalunya-sabadell\/wp-json\/wp\/v2\/categories?post=1744"},{"taxonomy":"post_tag","embeddable":true,"href":"https:\/\/agora.xtec.cat\/ceip-catalunya-sabadell\/wp-json\/wp\/v2\/tags?post=1744"}],"curies":[{"name":"wp","href":"https:\/\/api.w.org\/{rel}","templated":true}]}}