{"id":1741,"date":"2018-02-28T11:06:28","date_gmt":"2018-02-28T10:06:28","guid":{"rendered":"http:\/\/agora.xtec.cat\/ceip-catalunya-sabadell\/?p=1741"},"modified":"2018-02-28T11:06:28","modified_gmt":"2018-02-28T10:06:28","slug":"arriben-les-disfresses-a-vilaracons","status":"publish","type":"post","link":"https:\/\/agora.xtec.cat\/ceip-catalunya-sabadell\/infantil\/arriben-les-disfresses-a-vilaracons\/","title":{"rendered":"Arriben les disfresses a Vilaracons"},"content":{"rendered":"<p>Aquest mes de febrer ens ha visitat el senyor Carnestoltes i a Vilaracons hem trobat diferents disfresses durant tot el mes.<\/p>\n<p>Ens ho hem passat d&#8217;all\u00f2 m\u00e9s b\u00e9&#8230;<\/p>\n<p><a href=\"https:\/\/youtu.be\/vZQC6LN1dyk\">https:\/\/youtu.be\/vZQC6LN1dyk<\/a><\/p>\n","protected":false},"excerpt":{"rendered":"<p>Aquest mes de febrer ens ha visitat el senyor Carnestoltes i a Vilaracons hem trobat diferents disfresses durant tot el mes.<br \/>\nEns ho hem passat d&#8217;all\u00f2 m\u00e9s b\u00e9&#8230;<br \/>\n<a href=\"https:\/\/youtu.be\/vZQC6LN1dyk\">https:\/\/youtu.be\/vZQC6LN1dyk<\/a><\/p>\n","protected":false},"author":1,"featured_media":0,"comment_status":"open","ping_status":"closed","sticky":false,"template":"","format":"standard","meta":{"_bbp_topic_count":0,"_bbp_reply_count":0,"_bbp_total_topic_count":0,"_bbp_total_reply_count":0,"_bbp_voice_count":0,"_bbp_anonymous_reply_count":0,"_bbp_topic_count_hidden":0,"_bbp_reply_count_hidden":0,"_bbp_forum_subforum_count":0,"footnotes":""},"categories":[2,37],"tags":[],"class_list":["post-1741","post","type-post","status-publish","format-standard","hentry","category-infantil","category-teatre"],"post_mailing_queue_ids":[],"_links":{"self":[{"href":"https:\/\/agora.xtec.cat\/ceip-catalunya-sabadell\/wp-json\/wp\/v2\/posts\/1741","targetHints":{"allow":["GET"]}}],"collection":[{"href":"https:\/\/agora.xtec.cat\/ceip-catalunya-sabadell\/wp-json\/wp\/v2\/posts"}],"about":[{"href":"https:\/\/agora.xtec.cat\/ceip-catalunya-sabadell\/wp-json\/wp\/v2\/types\/post"}],"author":[{"embeddable":true,"href":"https:\/\/agora.xtec.cat\/ceip-catalunya-sabadell\/wp-json\/wp\/v2\/users\/1"}],"replies":[{"embeddable":true,"href":"https:\/\/agora.xtec.cat\/ceip-catalunya-sabadell\/wp-json\/wp\/v2\/comments?post=1741"}],"version-history":[{"count":1,"href":"https:\/\/agora.xtec.cat\/ceip-catalunya-sabadell\/wp-json\/wp\/v2\/posts\/1741\/revisions"}],"predecessor-version":[{"id":1742,"href":"https:\/\/agora.xtec.cat\/ceip-catalunya-sabadell\/wp-json\/wp\/v2\/posts\/1741\/revisions\/1742"}],"wp:attachment":[{"href":"https:\/\/agora.xtec.cat\/ceip-catalunya-sabadell\/wp-json\/wp\/v2\/media?parent=1741"}],"wp:term":[{"taxonomy":"category","embeddable":true,"href":"https:\/\/agora.xtec.cat\/ceip-catalunya-sabadell\/wp-json\/wp\/v2\/categories?post=1741"},{"taxonomy":"post_tag","embeddable":true,"href":"https:\/\/agora.xtec.cat\/ceip-catalunya-sabadell\/wp-json\/wp\/v2\/tags?post=1741"}],"curies":[{"name":"wp","href":"https:\/\/api.w.org\/{rel}","templated":true}]}}