{"id":1733,"date":"2018-02-27T18:26:07","date_gmt":"2018-02-27T17:26:07","guid":{"rendered":"http:\/\/agora.xtec.cat\/ceip-catalunya-sabadell\/?p=1733"},"modified":"2018-02-27T18:31:05","modified_gmt":"2018-02-27T17:31:05","slug":"who-was-paul-klee","status":"publish","type":"post","link":"https:\/\/agora.xtec.cat\/ceip-catalunya-sabadell\/artscrafts\/who-was-paul-klee\/","title":{"rendered":"Who was Paul Klee?"},"content":{"rendered":"<p>Els alumnes de 1r estem estudiant el pintor Paul Klee a Arts&amp;Crafts. Per carnaval vam fer les m\u00e0scares inspirades en una de les seves obres &#8220;The cat and the bird&#8221; i ara estem aprenent coses de la vida i obres d&#8217;art d&#8217;aquest pintor.<\/p>\n<p>Cliqueu a l&#8217;enlla\u00e7 del video per veure com practiquem i aprenem vocabulari nou en angl\u00e8s. Seguiu atents a la web perqu\u00e8 anirem penjant m\u00e9s activitats.<\/p>\n<p>See you soon!<\/p>\n<p><a href=\"https:\/\/drive.google.com\/open?id=1vTGrW8b8RLjJLdu-t7ACIXGMH0mq9kdD\">Paul Klee biography<\/a><\/p>\n<p><a href=\"http:\/\/agora.xtec.cat\/ceip-catalunya-sabadell\/wp-content\/uploads\/usu823\/2018\/02\/foto-klee-web.png\"><img loading=\"lazy\" decoding=\"async\" class=\"alignnone wp-image-1734 size-medium\" src=\"http:\/\/agora.xtec.cat\/ceip-catalunya-sabadell\/wp-content\/uploads\/usu823\/2018\/02\/foto-klee-web-300x178.png\" alt=\"\" width=\"300\" height=\"178\" srcset=\"https:\/\/agora.xtec.cat\/ceip-catalunya-sabadell\/wp-content\/uploads\/usu823\/2018\/02\/foto-klee-web-300x178.png 300w, https:\/\/agora.xtec.cat\/ceip-catalunya-sabadell\/wp-content\/uploads\/usu823\/2018\/02\/foto-klee-web-768x456.png 768w, https:\/\/agora.xtec.cat\/ceip-catalunya-sabadell\/wp-content\/uploads\/usu823\/2018\/02\/foto-klee-web-1024x608.png 1024w, https:\/\/agora.xtec.cat\/ceip-catalunya-sabadell\/wp-content\/uploads\/usu823\/2018\/02\/foto-klee-web.png 1454w\" sizes=\"auto, (max-width: 300px) 100vw, 300px\" \/><\/a><\/p>\n","protected":false},"excerpt":{"rendered":"<p>Els alumnes de 1r estem estudiant el pintor Paul Klee a Arts&amp;Crafts. Per carnaval vam fer les m\u00e0scares inspirades en una de les seves obres &#8220;The cat and the bird&#8221; i ara estem aprenent coses de la vida i obres d&#8217;art d&#8217;aquest pintor.<br \/>\nCliqueu a l&#8217;enlla\u00e7&hellip;  <a href=\"https:\/\/agora.xtec.cat\/ceip-catalunya-sabadell\/artscrafts\/who-was-paul-klee\/\" title=\"Read Who was Paul Klee?\">Llegeix m\u00e9s\u00bb<\/a><\/p>\n","protected":false},"author":27,"featured_media":0,"comment_status":"open","ping_status":"closed","sticky":false,"template":"","format":"standard","meta":{"_bbp_topic_count":0,"_bbp_reply_count":0,"_bbp_total_topic_count":0,"_bbp_total_reply_count":0,"_bbp_voice_count":0,"_bbp_anonymous_reply_count":0,"_bbp_topic_count_hidden":0,"_bbp_reply_count_hidden":0,"_bbp_forum_subforum_count":0,"footnotes":""},"categories":[40,41],"tags":[105],"class_list":["post-1733","post","type-post","status-publish","format-standard","hentry","category-artscrafts","category-english","tag-klee"],"post_mailing_queue_ids":[],"_links":{"self":[{"href":"https:\/\/agora.xtec.cat\/ceip-catalunya-sabadell\/wp-json\/wp\/v2\/posts\/1733","targetHints":{"allow":["GET"]}}],"collection":[{"href":"https:\/\/agora.xtec.cat\/ceip-catalunya-sabadell\/wp-json\/wp\/v2\/posts"}],"about":[{"href":"https:\/\/agora.xtec.cat\/ceip-catalunya-sabadell\/wp-json\/wp\/v2\/types\/post"}],"author":[{"embeddable":true,"href":"https:\/\/agora.xtec.cat\/ceip-catalunya-sabadell\/wp-json\/wp\/v2\/users\/27"}],"replies":[{"embeddable":true,"href":"https:\/\/agora.xtec.cat\/ceip-catalunya-sabadell\/wp-json\/wp\/v2\/comments?post=1733"}],"version-history":[{"count":3,"href":"https:\/\/agora.xtec.cat\/ceip-catalunya-sabadell\/wp-json\/wp\/v2\/posts\/1733\/revisions"}],"predecessor-version":[{"id":1737,"href":"https:\/\/agora.xtec.cat\/ceip-catalunya-sabadell\/wp-json\/wp\/v2\/posts\/1733\/revisions\/1737"}],"wp:attachment":[{"href":"https:\/\/agora.xtec.cat\/ceip-catalunya-sabadell\/wp-json\/wp\/v2\/media?parent=1733"}],"wp:term":[{"taxonomy":"category","embeddable":true,"href":"https:\/\/agora.xtec.cat\/ceip-catalunya-sabadell\/wp-json\/wp\/v2\/categories?post=1733"},{"taxonomy":"post_tag","embeddable":true,"href":"https:\/\/agora.xtec.cat\/ceip-catalunya-sabadell\/wp-json\/wp\/v2\/tags?post=1733"}],"curies":[{"name":"wp","href":"https:\/\/api.w.org\/{rel}","templated":true}]}}