{"id":1726,"date":"2018-02-23T18:29:20","date_gmt":"2018-02-23T17:29:20","guid":{"rendered":"http:\/\/agora.xtec.cat\/ceip-catalunya-sabadell\/?p=1726"},"modified":"2018-02-23T18:35:40","modified_gmt":"2018-02-23T17:35:40","slug":"super-xocolatada-solidaria-a-sant-joan-de-deu","status":"publish","type":"post","link":"https:\/\/agora.xtec.cat\/ceip-catalunya-sabadell\/general\/super-xocolatada-solidaria-a-sant-joan-de-deu\/","title":{"rendered":"S\u00faper xocolatada solid\u00e0ria per a l&#8217;hospital infantil Sant Joan de D\u00e9u"},"content":{"rendered":"<p>&nbsp;<\/p>\n<p>Aquesta tarda de divendres, dia de jornada de portes obertes, s&#8217;ha fet una s\u00faper<strong> xocolatada solid\u00e0ria\u00a0<\/strong>\u00a0amb melindros, gr\u00e0cies a la col\u00b7laboraci\u00f3 de mares i fam\u00edlies de sis\u00e8. Altre cop, l&#8217;escola ha podr\u00e0 fer un donatiu a l&#8217;hospital infantil Sant Joan de D\u00e9u i ajudar en el c\u00e0ncer infantil. A m\u00e9s l&#8217;escola (mestres) el proper diumenge 25 participar\u00e0 a la cursa solid\u00e0ria Barcelona M\u00e0gic Line per a la mateixa causa.<\/p>\n<p><a href=\"http:\/\/agora.xtec.cat\/ceip-catalunya-sabadell\/wp-content\/uploads\/usu823\/2018\/02\/Xocolatada.jpg\"><img loading=\"lazy\" decoding=\"async\" class=\"alignnone wp-image-1727\" src=\"http:\/\/agora.xtec.cat\/ceip-catalunya-sabadell\/wp-content\/uploads\/usu823\/2018\/02\/Xocolatada-1024x1024.jpg\" alt=\"\" width=\"543\" height=\"543\" srcset=\"https:\/\/agora.xtec.cat\/ceip-catalunya-sabadell\/wp-content\/uploads\/usu823\/2018\/02\/Xocolatada-1024x1024.jpg 1024w, https:\/\/agora.xtec.cat\/ceip-catalunya-sabadell\/wp-content\/uploads\/usu823\/2018\/02\/Xocolatada-150x150.jpg 150w, https:\/\/agora.xtec.cat\/ceip-catalunya-sabadell\/wp-content\/uploads\/usu823\/2018\/02\/Xocolatada-300x300.jpg 300w, https:\/\/agora.xtec.cat\/ceip-catalunya-sabadell\/wp-content\/uploads\/usu823\/2018\/02\/Xocolatada-768x768.jpg 768w\" sizes=\"auto, (max-width: 543px) 100vw, 543px\" \/><\/a><a href=\"http:\/\/agora.xtec.cat\/ceip-catalunya-sabadell\/wp-content\/uploads\/usu823\/2018\/02\/Xoco.png\"><img loading=\"lazy\" decoding=\"async\" class=\"alignnone size-full wp-image-1729\" src=\"http:\/\/agora.xtec.cat\/ceip-catalunya-sabadell\/wp-content\/uploads\/usu823\/2018\/02\/Xoco.png\" alt=\"\" width=\"709\" height=\"422\" srcset=\"https:\/\/agora.xtec.cat\/ceip-catalunya-sabadell\/wp-content\/uploads\/usu823\/2018\/02\/Xoco.png 709w, https:\/\/agora.xtec.cat\/ceip-catalunya-sabadell\/wp-content\/uploads\/usu823\/2018\/02\/Xoco-300x179.png 300w\" sizes=\"auto, (max-width: 709px) 100vw, 709px\" \/><\/a><\/p>\n","protected":false},"excerpt":{"rendered":"<p>&nbsp;<br \/>\nAquesta tarda de divendres, dia de jornada de portes obertes, s&#8217;ha fet una s\u00faper xocolatada solid\u00e0ria\u00a0\u00a0amb melindros, gr\u00e0cies a la col\u00b7laboraci\u00f3 de mares i fam\u00edlies de sis\u00e8. Altre cop, l&#8217;escola ha podr\u00e0 fer un donatiu a l&#8217;hospital infantil Sant Joan de D\u00e9u i ajudar en&hellip;  <a href=\"https:\/\/agora.xtec.cat\/ceip-catalunya-sabadell\/general\/super-xocolatada-solidaria-a-sant-joan-de-deu\/\" title=\"Read S\u00faper xocolatada solid\u00e0ria per a l&#8217;hospital infantil Sant Joan de D\u00e9u\">Llegeix m\u00e9s\u00bb<\/a><\/p>\n","protected":false},"author":5,"featured_media":0,"comment_status":"open","ping_status":"closed","sticky":false,"template":"","format":"standard","meta":{"_bbp_topic_count":0,"_bbp_reply_count":0,"_bbp_total_topic_count":0,"_bbp_total_reply_count":0,"_bbp_voice_count":0,"_bbp_anonymous_reply_count":0,"_bbp_topic_count_hidden":0,"_bbp_reply_count_hidden":0,"_bbp_forum_subforum_count":0,"footnotes":""},"categories":[7,1,4],"tags":[],"class_list":["post-1726","post","type-post","status-publish","format-standard","hentry","category-ampa","category-general","category-portada"],"post_mailing_queue_ids":[],"_links":{"self":[{"href":"https:\/\/agora.xtec.cat\/ceip-catalunya-sabadell\/wp-json\/wp\/v2\/posts\/1726","targetHints":{"allow":["GET"]}}],"collection":[{"href":"https:\/\/agora.xtec.cat\/ceip-catalunya-sabadell\/wp-json\/wp\/v2\/posts"}],"about":[{"href":"https:\/\/agora.xtec.cat\/ceip-catalunya-sabadell\/wp-json\/wp\/v2\/types\/post"}],"author":[{"embeddable":true,"href":"https:\/\/agora.xtec.cat\/ceip-catalunya-sabadell\/wp-json\/wp\/v2\/users\/5"}],"replies":[{"embeddable":true,"href":"https:\/\/agora.xtec.cat\/ceip-catalunya-sabadell\/wp-json\/wp\/v2\/comments?post=1726"}],"version-history":[{"count":3,"href":"https:\/\/agora.xtec.cat\/ceip-catalunya-sabadell\/wp-json\/wp\/v2\/posts\/1726\/revisions"}],"predecessor-version":[{"id":1732,"href":"https:\/\/agora.xtec.cat\/ceip-catalunya-sabadell\/wp-json\/wp\/v2\/posts\/1726\/revisions\/1732"}],"wp:attachment":[{"href":"https:\/\/agora.xtec.cat\/ceip-catalunya-sabadell\/wp-json\/wp\/v2\/media?parent=1726"}],"wp:term":[{"taxonomy":"category","embeddable":true,"href":"https:\/\/agora.xtec.cat\/ceip-catalunya-sabadell\/wp-json\/wp\/v2\/categories?post=1726"},{"taxonomy":"post_tag","embeddable":true,"href":"https:\/\/agora.xtec.cat\/ceip-catalunya-sabadell\/wp-json\/wp\/v2\/tags?post=1726"}],"curies":[{"name":"wp","href":"https:\/\/api.w.org\/{rel}","templated":true}]}}