{"id":1671,"date":"2018-02-14T08:44:34","date_gmt":"2018-02-14T07:44:34","guid":{"rendered":"http:\/\/agora.xtec.cat\/ceip-catalunya-sabadell\/?p=1671"},"modified":"2018-02-14T08:44:34","modified_gmt":"2018-02-14T07:44:34","slug":"preguntem-les-comarques","status":"publish","type":"post","link":"https:\/\/agora.xtec.cat\/ceip-catalunya-sabadell\/general\/preguntem-les-comarques\/","title":{"rendered":"PREGUNTEM  LES COMARQUES"},"content":{"rendered":"<p>A 4t seguim amb les comarques!!<br \/>\nSi cliqueu el seg\u00fcent enlla\u00e7 podreu veure un v\u00eddeo amb el nom de les comarques. A veure si recordeu la capital i sabeu quina \u00e9s la seg\u00fcent.<br \/>\nAtenci\u00f3!!!!: falta Moian\u00e8s. Per cert: quina \u00e9s la seva capital?<br \/>\n<iframe loading=\"lazy\" src=\"\/\/www.youtube.com\/embed\/ppiIzHAGmM4\" width=\"560\" height=\"314\" allowfullscreen=\"allowfullscreen\"><\/iframe><\/p>\n<p>Apa!!! Repasseu!!! que un control en breu us trobareu?????????<\/p>\n","protected":false},"excerpt":{"rendered":"<p>A 4t seguim amb les comarques!!<br \/>\nSi cliqueu el seg\u00fcent enlla\u00e7 podreu veure un v\u00eddeo amb el nom de les comarques. A veure si recordeu la capital i sabeu quina \u00e9s la seg\u00fcent.<br \/>\nAtenci\u00f3!!!!: falta Moian\u00e8s. Per cert: quina \u00e9s la seva capital?<\/p>\n<p>Apa!!! Repasseu!!! que un control&hellip;  <a href=\"https:\/\/agora.xtec.cat\/ceip-catalunya-sabadell\/general\/preguntem-les-comarques\/\" title=\"Read PREGUNTEM  LES COMARQUES\">Llegeix m\u00e9s\u00bb<\/a><\/p>\n","protected":false},"author":52,"featured_media":1677,"comment_status":"open","ping_status":"closed","sticky":false,"template":"","format":"standard","meta":{"_bbp_topic_count":0,"_bbp_reply_count":0,"_bbp_total_topic_count":0,"_bbp_total_reply_count":0,"_bbp_voice_count":0,"_bbp_anonymous_reply_count":0,"_bbp_topic_count_hidden":0,"_bbp_reply_count_hidden":0,"_bbp_forum_subforum_count":0,"footnotes":""},"categories":[13,1],"tags":[],"class_list":["post-1671","post","type-post","status-publish","format-standard","has-post-thumbnail","hentry","category-4t","category-general"],"post_mailing_queue_ids":[],"_links":{"self":[{"href":"https:\/\/agora.xtec.cat\/ceip-catalunya-sabadell\/wp-json\/wp\/v2\/posts\/1671","targetHints":{"allow":["GET"]}}],"collection":[{"href":"https:\/\/agora.xtec.cat\/ceip-catalunya-sabadell\/wp-json\/wp\/v2\/posts"}],"about":[{"href":"https:\/\/agora.xtec.cat\/ceip-catalunya-sabadell\/wp-json\/wp\/v2\/types\/post"}],"author":[{"embeddable":true,"href":"https:\/\/agora.xtec.cat\/ceip-catalunya-sabadell\/wp-json\/wp\/v2\/users\/52"}],"replies":[{"embeddable":true,"href":"https:\/\/agora.xtec.cat\/ceip-catalunya-sabadell\/wp-json\/wp\/v2\/comments?post=1671"}],"version-history":[{"count":3,"href":"https:\/\/agora.xtec.cat\/ceip-catalunya-sabadell\/wp-json\/wp\/v2\/posts\/1671\/revisions"}],"predecessor-version":[{"id":1678,"href":"https:\/\/agora.xtec.cat\/ceip-catalunya-sabadell\/wp-json\/wp\/v2\/posts\/1671\/revisions\/1678"}],"wp:featuredmedia":[{"embeddable":true,"href":"https:\/\/agora.xtec.cat\/ceip-catalunya-sabadell\/wp-json\/wp\/v2\/media\/1677"}],"wp:attachment":[{"href":"https:\/\/agora.xtec.cat\/ceip-catalunya-sabadell\/wp-json\/wp\/v2\/media?parent=1671"}],"wp:term":[{"taxonomy":"category","embeddable":true,"href":"https:\/\/agora.xtec.cat\/ceip-catalunya-sabadell\/wp-json\/wp\/v2\/categories?post=1671"},{"taxonomy":"post_tag","embeddable":true,"href":"https:\/\/agora.xtec.cat\/ceip-catalunya-sabadell\/wp-json\/wp\/v2\/tags?post=1671"}],"curies":[{"name":"wp","href":"https:\/\/api.w.org\/{rel}","templated":true}]}}