{"id":1667,"date":"2018-02-13T22:01:03","date_gmt":"2018-02-13T21:01:03","guid":{"rendered":"http:\/\/agora.xtec.cat\/ceip-catalunya-sabadell\/?p=1667"},"modified":"2018-02-15T09:47:35","modified_gmt":"2018-02-15T08:47:35","slug":"masks-inspired-by","status":"publish","type":"post","link":"https:\/\/agora.xtec.cat\/ceip-catalunya-sabadell\/portada\/masks-inspired-by\/","title":{"rendered":"Masks inspired by&#8230;"},"content":{"rendered":"<p>Amb l&#8217;arribada del Rei Carnestoltes, els alumnes de Cicle Inicial i Mitj\u00e0 van decorar el mural del vest\u00edbul amb el t\u00edtol &#8220;<strong>MASKS INSPIRED BY<\/strong>&#8230;&#8221; amb tot de m\u00e0scares creades a partir de la inspiraci\u00f3 de diferents artistes que havien estat treballant a l&#8217;aula d&#8217;Arts&amp;Crafts: Paul Klee, Salvador Dal\u00ed i Pablo Picasso.<\/p>\n<p>Vam enviar les fotografies al <strong>Teatre &#8211; Museu Dal\u00ed de Figueres<\/strong> per mostrar-los qu\u00e8 xules ens havien quedat totes les m\u00e0scares i ens han publicat les fotografies a la seva web&#8230; Aix\u00ed com en el Facebook!<\/p>\n<p>Mireu, mireu&#8230;<\/p>\n<p><a href=\"https:\/\/www.salvador-dali.org\/ca\/educa-dali\/surrealitza-t\/jo-tambe-soc-un-artista\/\">https:\/\/www.salvador-dali.org\/ca\/educa-dali\/surrealitza-t\/jo-tambe-soc-un-artista\/<\/a><\/p>\n<p><img loading=\"lazy\" decoding=\"async\" class=\"alignnone wp-image-1681 size-full\" src=\"http:\/\/agora.xtec.cat\/ceip-catalunya-sabadell\/wp-content\/uploads\/usu823\/2018\/02\/unnamed.png\" alt=\"\" width=\"479\" height=\"688\" srcset=\"https:\/\/agora.xtec.cat\/ceip-catalunya-sabadell\/wp-content\/uploads\/usu823\/2018\/02\/unnamed.png 479w, https:\/\/agora.xtec.cat\/ceip-catalunya-sabadell\/wp-content\/uploads\/usu823\/2018\/02\/unnamed-209x300.png 209w\" sizes=\"auto, (max-width: 479px) 100vw, 479px\" \/><\/p>\n<p><img loading=\"lazy\" decoding=\"async\" class=\"alignnone wp-image-1668 size-large\" src=\"http:\/\/agora.xtec.cat\/ceip-catalunya-sabadell\/wp-content\/uploads\/usu823\/2018\/02\/IMG_0398-1024x768.jpg\" alt=\"\" width=\"1024\" height=\"768\" srcset=\"https:\/\/agora.xtec.cat\/ceip-catalunya-sabadell\/wp-content\/uploads\/usu823\/2018\/02\/IMG_0398-1024x768.jpg 1024w, https:\/\/agora.xtec.cat\/ceip-catalunya-sabadell\/wp-content\/uploads\/usu823\/2018\/02\/IMG_0398-300x225.jpg 300w, https:\/\/agora.xtec.cat\/ceip-catalunya-sabadell\/wp-content\/uploads\/usu823\/2018\/02\/IMG_0398-768x576.jpg 768w, https:\/\/agora.xtec.cat\/ceip-catalunya-sabadell\/wp-content\/uploads\/usu823\/2018\/02\/IMG_0398-200x150.jpg 200w, https:\/\/agora.xtec.cat\/ceip-catalunya-sabadell\/wp-content\/uploads\/usu823\/2018\/02\/IMG_0398.jpg 2016w\" sizes=\"auto, (max-width: 1024px) 100vw, 1024px\" \/><\/p>\n<p>Si voleu veure els artistes de 2n amb les seves m\u00e0scares, cliqueu al damunt de la imatge.<\/p>\n<p><a href=\"https:\/\/agora.xtec.cat\/ceip-catalunya-sabadell\/primaria\/2n\/can-you-guess-who-i-am\/\"><img loading=\"lazy\" decoding=\"async\" class=\"alignnone wp-image-1658 size-medium\" src=\"http:\/\/agora.xtec.cat\/ceip-catalunya-sabadell\/wp-content\/uploads\/usu823\/2018\/02\/mascara-dali-300x225.jpg\" alt=\"\" width=\"300\" height=\"225\" srcset=\"https:\/\/agora.xtec.cat\/ceip-catalunya-sabadell\/wp-content\/uploads\/usu823\/2018\/02\/mascara-dali-300x225.jpg 300w, https:\/\/agora.xtec.cat\/ceip-catalunya-sabadell\/wp-content\/uploads\/usu823\/2018\/02\/mascara-dali-768x576.jpg 768w, https:\/\/agora.xtec.cat\/ceip-catalunya-sabadell\/wp-content\/uploads\/usu823\/2018\/02\/mascara-dali-200x150.jpg 200w, https:\/\/agora.xtec.cat\/ceip-catalunya-sabadell\/wp-content\/uploads\/usu823\/2018\/02\/mascara-dali.jpg 968w\" sizes=\"auto, (max-width: 300px) 100vw, 300px\" \/><\/a><\/p>\n<p>&nbsp;<\/p>\n","protected":false},"excerpt":{"rendered":"<p>Amb l&#8217;arribada del Rei Carnestoltes, els alumnes de Cicle Inicial i Mitj\u00e0 van decorar el mural del vest\u00edbul amb el t\u00edtol &#8220;MASKS INSPIRED BY&#8230;&#8221; amb tot de m\u00e0scares creades a partir de la inspiraci\u00f3 de diferents artistes que havien estat treballant a l&#8217;aula d&#8217;Arts&amp;Crafts: Paul&hellip;  <a href=\"https:\/\/agora.xtec.cat\/ceip-catalunya-sabadell\/portada\/masks-inspired-by\/\" title=\"Read Masks inspired by&#8230;\">Llegeix m\u00e9s\u00bb<\/a><\/p>\n","protected":false},"author":3,"featured_media":0,"comment_status":"open","ping_status":"closed","sticky":false,"template":"","format":"standard","meta":{"_bbp_topic_count":0,"_bbp_reply_count":0,"_bbp_total_topic_count":0,"_bbp_total_reply_count":0,"_bbp_voice_count":0,"_bbp_anonymous_reply_count":0,"_bbp_topic_count_hidden":0,"_bbp_reply_count_hidden":0,"_bbp_forum_subforum_count":0,"footnotes":""},"categories":[13,40,4],"tags":[107,106,105,46],"class_list":["post-1667","post","type-post","status-publish","format-standard","hentry","category-4t","category-artscrafts","category-portada","tag-artscrafts","tag-dali","tag-klee","tag-picasso"],"post_mailing_queue_ids":[],"_links":{"self":[{"href":"https:\/\/agora.xtec.cat\/ceip-catalunya-sabadell\/wp-json\/wp\/v2\/posts\/1667","targetHints":{"allow":["GET"]}}],"collection":[{"href":"https:\/\/agora.xtec.cat\/ceip-catalunya-sabadell\/wp-json\/wp\/v2\/posts"}],"about":[{"href":"https:\/\/agora.xtec.cat\/ceip-catalunya-sabadell\/wp-json\/wp\/v2\/types\/post"}],"author":[{"embeddable":true,"href":"https:\/\/agora.xtec.cat\/ceip-catalunya-sabadell\/wp-json\/wp\/v2\/users\/3"}],"replies":[{"embeddable":true,"href":"https:\/\/agora.xtec.cat\/ceip-catalunya-sabadell\/wp-json\/wp\/v2\/comments?post=1667"}],"version-history":[{"count":3,"href":"https:\/\/agora.xtec.cat\/ceip-catalunya-sabadell\/wp-json\/wp\/v2\/posts\/1667\/revisions"}],"predecessor-version":[{"id":1683,"href":"https:\/\/agora.xtec.cat\/ceip-catalunya-sabadell\/wp-json\/wp\/v2\/posts\/1667\/revisions\/1683"}],"wp:attachment":[{"href":"https:\/\/agora.xtec.cat\/ceip-catalunya-sabadell\/wp-json\/wp\/v2\/media?parent=1667"}],"wp:term":[{"taxonomy":"category","embeddable":true,"href":"https:\/\/agora.xtec.cat\/ceip-catalunya-sabadell\/wp-json\/wp\/v2\/categories?post=1667"},{"taxonomy":"post_tag","embeddable":true,"href":"https:\/\/agora.xtec.cat\/ceip-catalunya-sabadell\/wp-json\/wp\/v2\/tags?post=1667"}],"curies":[{"name":"wp","href":"https:\/\/api.w.org\/{rel}","templated":true}]}}