{"id":1634,"date":"2018-02-08T13:24:11","date_gmt":"2018-02-08T12:24:11","guid":{"rendered":"http:\/\/agora.xtec.cat\/ceip-catalunya-sabadell\/?p=1634"},"modified":"2018-02-08T13:24:11","modified_gmt":"2018-02-08T12:24:11","slug":"segona-entrega-de-can-alzina-i-mes","status":"publish","type":"post","link":"https:\/\/agora.xtec.cat\/ceip-catalunya-sabadell\/general\/segona-entrega-de-can-alzina-i-mes\/","title":{"rendered":"Segona entrega de can Alzina i m\u00e9s&#8230;"},"content":{"rendered":"<p>Tal i com us v\u00e0rem dir us fem arribar m\u00e9s fotos i videos.<\/p>\n<p>Us passem el video de la visita a Can Alzina i , a m\u00e9s a m\u00e9s les fotos i els videos de la passejada en carro que v\u00e0rem fer el passat divendres.Recordeu:cliqueu al damunt de la imatge per poder-los veure.<a href=\"https:\/\/photos.app.goo.gl\/1dRZy9lOacjLwFsA3\"><img loading=\"lazy\" decoding=\"async\" class=\"alignnone size-large wp-image-1635\" src=\"http:\/\/agora.xtec.cat\/ceip-catalunya-sabadell\/wp-content\/uploads\/usu823\/2018\/02\/resized_IMG_0143-1024x768.jpg\" alt=\"\" width=\"1024\" height=\"768\" srcset=\"https:\/\/agora.xtec.cat\/ceip-catalunya-sabadell\/wp-content\/uploads\/usu823\/2018\/02\/resized_IMG_0143-1024x768.jpg 1024w, https:\/\/agora.xtec.cat\/ceip-catalunya-sabadell\/wp-content\/uploads\/usu823\/2018\/02\/resized_IMG_0143-300x225.jpg 300w, https:\/\/agora.xtec.cat\/ceip-catalunya-sabadell\/wp-content\/uploads\/usu823\/2018\/02\/resized_IMG_0143-768x576.jpg 768w, https:\/\/agora.xtec.cat\/ceip-catalunya-sabadell\/wp-content\/uploads\/usu823\/2018\/02\/resized_IMG_0143-200x150.jpg 200w\" sizes=\"auto, (max-width: 1024px) 100vw, 1024px\" \/><\/a><a href=\"https:\/\/photos.app.goo.gl\/1dRZy9lOacjLwFsA3\"><iframe loading=\"lazy\" src=\"\/\/www.youtube.com\/embed\/CdVtojMk2Xo\" width=\"560\" height=\"314\"><\/iframe><\/a><iframe loading=\"lazy\" src=\"\/\/www.youtube.com\/embed\/uyzq07CIKUQ\" width=\"560\" height=\"314\"><\/iframe><\/p>\n","protected":false},"excerpt":{"rendered":"<p>Tal i com us v\u00e0rem dir us fem arribar m\u00e9s fotos i videos.<br \/>\nUs passem el video de la visita a Can Alzina i , a m\u00e9s a m\u00e9s les fotos i els videos de la passejada en carro que v\u00e0rem fer el passat divendres.Recordeu:cliqueu al&hellip;  <a href=\"https:\/\/agora.xtec.cat\/ceip-catalunya-sabadell\/general\/segona-entrega-de-can-alzina-i-mes\/\" title=\"Read Segona entrega de can Alzina i m\u00e9s&#8230;\">Llegeix m\u00e9s\u00bb<\/a><\/p>\n","protected":false},"author":3,"featured_media":0,"comment_status":"open","ping_status":"closed","sticky":false,"template":"","format":"standard","meta":{"_bbp_topic_count":0,"_bbp_reply_count":0,"_bbp_total_topic_count":0,"_bbp_total_reply_count":0,"_bbp_voice_count":0,"_bbp_anonymous_reply_count":0,"_bbp_topic_count_hidden":0,"_bbp_reply_count_hidden":0,"_bbp_forum_subforum_count":0,"footnotes":""},"categories":[1],"tags":[],"class_list":["post-1634","post","type-post","status-publish","format-standard","hentry","category-general"],"post_mailing_queue_ids":[],"_links":{"self":[{"href":"https:\/\/agora.xtec.cat\/ceip-catalunya-sabadell\/wp-json\/wp\/v2\/posts\/1634","targetHints":{"allow":["GET"]}}],"collection":[{"href":"https:\/\/agora.xtec.cat\/ceip-catalunya-sabadell\/wp-json\/wp\/v2\/posts"}],"about":[{"href":"https:\/\/agora.xtec.cat\/ceip-catalunya-sabadell\/wp-json\/wp\/v2\/types\/post"}],"author":[{"embeddable":true,"href":"https:\/\/agora.xtec.cat\/ceip-catalunya-sabadell\/wp-json\/wp\/v2\/users\/3"}],"replies":[{"embeddable":true,"href":"https:\/\/agora.xtec.cat\/ceip-catalunya-sabadell\/wp-json\/wp\/v2\/comments?post=1634"}],"version-history":[{"count":2,"href":"https:\/\/agora.xtec.cat\/ceip-catalunya-sabadell\/wp-json\/wp\/v2\/posts\/1634\/revisions"}],"predecessor-version":[{"id":1646,"href":"https:\/\/agora.xtec.cat\/ceip-catalunya-sabadell\/wp-json\/wp\/v2\/posts\/1634\/revisions\/1646"}],"wp:attachment":[{"href":"https:\/\/agora.xtec.cat\/ceip-catalunya-sabadell\/wp-json\/wp\/v2\/media?parent=1634"}],"wp:term":[{"taxonomy":"category","embeddable":true,"href":"https:\/\/agora.xtec.cat\/ceip-catalunya-sabadell\/wp-json\/wp\/v2\/categories?post=1634"},{"taxonomy":"post_tag","embeddable":true,"href":"https:\/\/agora.xtec.cat\/ceip-catalunya-sabadell\/wp-json\/wp\/v2\/tags?post=1634"}],"curies":[{"name":"wp","href":"https:\/\/api.w.org\/{rel}","templated":true}]}}