{"id":1564,"date":"2018-01-29T14:46:36","date_gmt":"2018-01-29T13:46:36","guid":{"rendered":"http:\/\/agora.xtec.cat\/ceip-catalunya-sabadell\/?p=1564"},"modified":"2019-03-25T10:46:54","modified_gmt":"2019-03-25T09:46:54","slug":"teatre-a-lescola","status":"publish","type":"post","link":"https:\/\/agora.xtec.cat\/ceip-catalunya-sabadell\/general\/teatre-a-lescola\/","title":{"rendered":"Teatre a l&#8217;escola"},"content":{"rendered":"<p>&nbsp;<\/p>\n<p>Senyores i senyors, benvinguts al magn\u00edfic m\u00f3n del teatre!!!! des dels m\u00e9s petits fins als m\u00e9s grans estem treballant de valent i gaudint de tot el que ens aporta aquest paradigma.<\/p>\n<p>Fem un rep\u00e0s&#8230;&#8230;.<\/p>\n<p>.<strong> Educaci\u00f3 Infantil<\/strong> : des de Vilaracons (rac\u00f3 de les disfresses), psicomotricitat, contes , joc simb\u00f2lic i activitat amb els sords amb llengua de signes. Es potencia l&#8217;educaci\u00f3 emocional i l&#8217;expressi\u00f3 corporal, aix\u00ed com t\u00e8cniques d&#8217;expressi\u00f3 oral, vocabulari i dicci\u00f3.<\/p>\n<p><em>NOVETAT DEL CURS 18\/19\u00a0<\/em> hem inaugurat l<strong>&#8216;ambient del TEATRE<\/strong> amb el nom de <strong>3,2,1&#8230;.ACCI\u00d3!!!!<\/strong>\u00a0 (l&#8217;alumnat de P4 i P5 assisteix aquest ambient els dimarts i els dijous a la tarda). Ja tenim el primer peu a l&#8217;apassionant m\u00f3n esc\u00e8nic.<\/p>\n<p>.<strong>Educaci\u00f3 Prim\u00e0ria:<\/strong><\/p>\n<p>.<strong>1r\u00a0<\/strong>\u00a0Contes a trav\u00e9s de <strong>Titelles.\u00a0<\/strong>Projecte transversal. S&#8217;ha creat quatre grups barrejant la classe A amb la del B i cada grup ha escollit un conte. Es fa aquesta proposta dues franges hor\u00e0ries a la setmana i l&#8217;activitat contempla el treball de la llengua (oral i escrita), el pluriling\u00fcisme (catal\u00e0, castell\u00e0, angl\u00e8s i llengua de signes, la diversitat d&#8217;aprenentatges, l&#8217;addicci\u00f3, la comprensi\u00f3 lectora, les arts pl\u00e0stiques,\u00a0 la compet\u00e8ncia d&#8217;autonomia i iniciativa personal, el treball en valors i el treball en equip. A finals de curs es far\u00e0 la representaci\u00f3 per a l&#8217;escola i es penjar\u00e0 al web.<\/p>\n<p><strong>.2n<\/strong> Meteor\u00f2legs \/projecte del <strong>Temps<\/strong> (faran de meteor\u00f2legs\u00a0 al telenot\u00edcies de 4t) aprofitant el projecte d&#8217;aula relacionat amb el temps que \u00e9s interdisciplinari (treballat des de totes les \u00e0rees). Es fan quatre grups flexibles barrejant als dos nivells, on cada grup treballa a trav\u00e9s d&#8217;una estaci\u00f3 de l&#8217;any. S&#8217;aprofiten les noves tecnologies, el treball cooperatiu i el teatre. Es treballa i s&#8217;enregistra amb CROMA durant el segon trimestre. No obstant, es publica al web del centre, conjuntament amb les not\u00edcies a 4t a final de cada curs. Ja esta publicat al web el making off.<\/p>\n<p><strong>.3r\u00a0\u00a0\u00a0Art i Poesia.<\/strong> Representaci\u00f3 de diferents artistes i autors a trav\u00e9s de diferents propostes culturals (teatre, can\u00e7\u00f3, projecci\u00f3 audiovisual, m\u00edmica, dansa, treballs pl\u00e0stic&#8230;) i es representa per Sant Jordi. S&#8217;ha realitzat la planificaci\u00f3 dels objectius, continguts, activitats i avaluaci\u00f3 per tal de que aquest projecte es treballi des de totes les \u00e0rees. Es representa per a tota l&#8217;escola. La representaci\u00f3 es fa despr\u00e9s de\u00a0 Sant Jordi el 29 d&#8217;abril.<\/p>\n<p><strong>. 4t<\/strong>\u00a0El\u00a0<strong>telenot\u00edcies<\/strong>\u00a0. Projecte transversal que es treballa al segon trimestre a partir de 4 grups barrejats de les dues aules i 4 mestres que acompanyen. S&#8217;aprofita el curr\u00edculum de les diferents \u00e0rees i es contextualitza amb les not\u00edcies de l&#8217;actualitat o b\u00e9 fict\u00edcies, sense perdre de vista la vessant teatral que impregnar\u00e0 tot el projecte. Tanmateix,\u00a0 s&#8217;aprofita els meteor\u00f2legs de les classes de segon, els quals han recollit not\u00edcies de les quatre estacions de l&#8217;any i ens expliquen els mapes del temps. Tamb\u00e9 faran un taller de croma i d&#8217;edici\u00f3 de v\u00eddeos amb un especialista extern. Es tracta d&#8217;un projecte transversal enfocat des de totes les \u00e0rees.<\/p>\n<p>.<strong> 5\u00e8<\/strong>\u00a0 Teatre Musical. Enguany es realitzar\u00e0 el musical : El Petit Pr\u00edncep. Faran la representaci\u00f3 a finals de maig a la mostra del Teatre de Sabadell (en el centre c\u00edvic de Can Rull). Es potencien totes les compet\u00e8ncies b\u00e0siques, sobretot les comunicatives, socials i d&#8217;autonomia i iniciativa personal, aix\u00ed com la dansa, l&#8217;expressi\u00f3 corporal i la can\u00e7\u00f3. Es fan c\u00e0stings per escollir els personatges.<\/p>\n<p>.<strong>6\u00e8<\/strong>\u00a0Representem els s\u00faper <strong>Pastorets<\/strong>!!!! Es fan tres funcions per a tota l&#8217;escola i els pares de sis\u00e8 al teatre del Centre C\u00edvic de Can Rull.\u00a0 Enguany, s&#8217;ha reflexionat i treballat molt perqu\u00e8 abans de fer tot el procediment de l&#8217;obra, es va treballessin molt aspectes curriculars de v\u00e0ries \u00e0rees. Tamb\u00e9 s&#8217;han fet unes r\u00fabriques d&#8217;autoavaluaci\u00f3 i en breu els nens i nenes s&#8217;autoavaluaran.<\/p>\n<p><strong>NOVETATS!!!!!!!!!<\/strong><\/p>\n<p>Es va presentar el <strong>nou espai de disfresses<\/strong> que hem creat des de l&#8217;equip de teatre perqu\u00e8 es va fer un reclam als pares i mares perqu\u00e8 ens portessin disfresses&#8230;.. i ha sigut un \u00e8xit!!!! Ara ja es pot fer servir i ser\u00e0 molt motivador pel nostre alumnat.<\/p>\n<p>S&#8217;ha realitzat la coordinaci\u00f3 amb el servei de menjador i extraescolars referent al teatre. Menjador tamb\u00e9 ha\u00a0 creat espai per al teatre per\u00f2 l&#8217;han relacionat amb el cinema, tots els cursos treballaran i representaran pel\u00b7l\u00edcules una vegada al mes cada nivell. Per altra banda, tamb\u00e9 hi ha les extraescolars de teatre que estan funcionant prou b\u00e9 i hem explicat el funcionament.<\/p>\n<p>Les mestres MALLS i LOGOPEDES tamb\u00e9 van exposar la seva idea des d&#8217;agrupament de sords, elles tamb\u00e9 assisteixen al curs i tamb\u00e9 faran una proposta teatral amb els nens sords de l&#8217;escola relacionada amb les emocions.<\/p>\n<p>L&#8217; AVALUACI\u00d3 agafa molta import\u00e0ncia d&#8217;aquestes propostes teatrals, per\u00f2 sobretot l&#8217;autoavaluaci\u00f3 dels nens i nenes. L&#8217;autoavaluaci\u00f3 entesa com a part del procediment d&#8217;ensenyament-aprenentatge, com a millora no nom\u00e9s per qualificar o puntuar, sin\u00f3 que serveixi de presa de consci\u00e8ncia d&#8217;all\u00f2 que volem millorar, l&#8217;error convertit en oportunitat.<\/p>\n<p>Els mestres de l&#8217;escola estem realitzant una formaci\u00f3 orientada al teatre a l&#8217;escola i l&#8217;educaci\u00f3 emocional\u00a0 i el PNL (Programaci\u00f3 neoling\u00fc\u00edstica) amb una formadora externa. Tamb\u00e9 estem fent la formaci\u00f3 del teatre a l&#8217;escola amb l&#8217;actor i formador Juanjo Camarena.<\/p>\n<p>Finalment, s&#8217;ha engegat l&#8217;equip de mestres impulsors del teatre. Aquest equip est\u00e0 format per una mestra de cada cicle i la directora.<\/p>\n<p>ENDAVANT !!!!!!!!!!<\/p>\n<p><a href=\"http:\/\/agora.xtec.cat\/ceip-catalunya-sabadell\/wp-content\/uploads\/usu823\/2018\/01\/foto-teatre.png\"><img loading=\"lazy\" decoding=\"async\" class=\"alignnone size-full wp-image-1566\" src=\"http:\/\/agora.xtec.cat\/ceip-catalunya-sabadell\/wp-content\/uploads\/usu823\/2018\/01\/foto-teatre.png\" alt=\"\" width=\"640\" height=\"640\" srcset=\"https:\/\/agora.xtec.cat\/ceip-catalunya-sabadell\/wp-content\/uploads\/usu823\/2018\/01\/foto-teatre.png 640w, https:\/\/agora.xtec.cat\/ceip-catalunya-sabadell\/wp-content\/uploads\/usu823\/2018\/01\/foto-teatre-150x150.png 150w, https:\/\/agora.xtec.cat\/ceip-catalunya-sabadell\/wp-content\/uploads\/usu823\/2018\/01\/foto-teatre-300x300.png 300w\" sizes=\"auto, (max-width: 640px) 100vw, 640px\" \/><\/a><\/p>\n","protected":false},"excerpt":{"rendered":"<p>&nbsp;<br \/>\nSenyores i senyors, benvinguts al magn\u00edfic m\u00f3n del teatre!!!! des dels m\u00e9s petits fins als m\u00e9s grans estem treballant de valent i gaudint de tot el que ens aporta aquest paradigma.<br \/>\nFem un rep\u00e0s&#8230;&#8230;.<br \/>\n. Educaci\u00f3 Infantil : des de Vilaracons (rac\u00f3 de les disfresses), psicomotricitat, contes&hellip;  <a href=\"https:\/\/agora.xtec.cat\/ceip-catalunya-sabadell\/general\/teatre-a-lescola\/\" title=\"Read Teatre a l&#8217;escola\">Llegeix m\u00e9s\u00bb<\/a><\/p>\n","protected":false},"author":5,"featured_media":0,"comment_status":"open","ping_status":"closed","sticky":false,"template":"","format":"standard","meta":{"_bbp_topic_count":0,"_bbp_reply_count":0,"_bbp_total_topic_count":0,"_bbp_total_reply_count":0,"_bbp_voice_count":0,"_bbp_anonymous_reply_count":0,"_bbp_topic_count_hidden":0,"_bbp_reply_count_hidden":0,"_bbp_forum_subforum_count":0,"footnotes":""},"categories":[42,1,4,37],"tags":[86,85],"class_list":["post-1564","post","type-post","status-publish","format-standard","hentry","category-educacio-emocional","category-general","category-portada","category-teatre","tag-nous-projectes","tag-teatre"],"post_mailing_queue_ids":[],"_links":{"self":[{"href":"https:\/\/agora.xtec.cat\/ceip-catalunya-sabadell\/wp-json\/wp\/v2\/posts\/1564","targetHints":{"allow":["GET"]}}],"collection":[{"href":"https:\/\/agora.xtec.cat\/ceip-catalunya-sabadell\/wp-json\/wp\/v2\/posts"}],"about":[{"href":"https:\/\/agora.xtec.cat\/ceip-catalunya-sabadell\/wp-json\/wp\/v2\/types\/post"}],"author":[{"embeddable":true,"href":"https:\/\/agora.xtec.cat\/ceip-catalunya-sabadell\/wp-json\/wp\/v2\/users\/5"}],"replies":[{"embeddable":true,"href":"https:\/\/agora.xtec.cat\/ceip-catalunya-sabadell\/wp-json\/wp\/v2\/comments?post=1564"}],"version-history":[{"count":3,"href":"https:\/\/agora.xtec.cat\/ceip-catalunya-sabadell\/wp-json\/wp\/v2\/posts\/1564\/revisions"}],"predecessor-version":[{"id":2815,"href":"https:\/\/agora.xtec.cat\/ceip-catalunya-sabadell\/wp-json\/wp\/v2\/posts\/1564\/revisions\/2815"}],"wp:attachment":[{"href":"https:\/\/agora.xtec.cat\/ceip-catalunya-sabadell\/wp-json\/wp\/v2\/media?parent=1564"}],"wp:term":[{"taxonomy":"category","embeddable":true,"href":"https:\/\/agora.xtec.cat\/ceip-catalunya-sabadell\/wp-json\/wp\/v2\/categories?post=1564"},{"taxonomy":"post_tag","embeddable":true,"href":"https:\/\/agora.xtec.cat\/ceip-catalunya-sabadell\/wp-json\/wp\/v2\/tags?post=1564"}],"curies":[{"name":"wp","href":"https:\/\/api.w.org\/{rel}","templated":true}]}}