{"id":1555,"date":"2018-01-26T23:00:52","date_gmt":"2018-01-26T22:00:52","guid":{"rendered":"http:\/\/agora.xtec.cat\/ceip-catalunya-sabadell\/?p=1555"},"modified":"2018-02-01T23:00:06","modified_gmt":"2018-02-01T22:00:06","slug":"sortida-a-aigues-de-sabadell-educassa","status":"publish","type":"post","link":"https:\/\/agora.xtec.cat\/ceip-catalunya-sabadell\/general\/sortida-a-aigues-de-sabadell-educassa\/","title":{"rendered":"Sortida a Aig\u00fces de Sabadell: EDUCASSA"},"content":{"rendered":"<p><a href=\"http:\/\/photos.app.goo.gl\/3Kw64pcFnoC1ZSHi2\">http:\/\/photos.app.goo.gl\/3Kw64pcFnoC1ZSHi2<\/a><\/p>\n<p>Dijous 25 de gener hem visitat la Companyia d&#8217;aig\u00fces de Sabadell. Aqu\u00ed teniu les fotos. Hem apr\u00e8s molt\u00edssimes coses.<\/p>\n","protected":false},"excerpt":{"rendered":"<p><a href=\"http:\/\/photos.app.goo.gl\/3Kw64pcFnoC1ZSHi2\">http:\/\/photos.app.goo.gl\/3Kw64pcFnoC1ZSHi2<\/a><br \/>\nDijous 25 de gener hem visitat la Companyia d&#8217;aig\u00fces de Sabadell. Aqu\u00ed teniu les fotos. Hem apr\u00e8s molt\u00edssimes coses.<\/p>\n","protected":false},"author":52,"featured_media":0,"comment_status":"open","ping_status":"closed","sticky":false,"template":"","format":"standard","meta":{"_bbp_topic_count":0,"_bbp_reply_count":0,"_bbp_total_topic_count":0,"_bbp_total_reply_count":0,"_bbp_voice_count":0,"_bbp_anonymous_reply_count":0,"_bbp_topic_count_hidden":0,"_bbp_reply_count_hidden":0,"_bbp_forum_subforum_count":0,"footnotes":""},"categories":[13,1],"tags":[91],"class_list":["post-1555","post","type-post","status-publish","format-standard","hentry","category-4t","category-general","tag-agenda21"],"post_mailing_queue_ids":[],"_links":{"self":[{"href":"https:\/\/agora.xtec.cat\/ceip-catalunya-sabadell\/wp-json\/wp\/v2\/posts\/1555","targetHints":{"allow":["GET"]}}],"collection":[{"href":"https:\/\/agora.xtec.cat\/ceip-catalunya-sabadell\/wp-json\/wp\/v2\/posts"}],"about":[{"href":"https:\/\/agora.xtec.cat\/ceip-catalunya-sabadell\/wp-json\/wp\/v2\/types\/post"}],"author":[{"embeddable":true,"href":"https:\/\/agora.xtec.cat\/ceip-catalunya-sabadell\/wp-json\/wp\/v2\/users\/52"}],"replies":[{"embeddable":true,"href":"https:\/\/agora.xtec.cat\/ceip-catalunya-sabadell\/wp-json\/wp\/v2\/comments?post=1555"}],"version-history":[{"count":3,"href":"https:\/\/agora.xtec.cat\/ceip-catalunya-sabadell\/wp-json\/wp\/v2\/posts\/1555\/revisions"}],"predecessor-version":[{"id":1558,"href":"https:\/\/agora.xtec.cat\/ceip-catalunya-sabadell\/wp-json\/wp\/v2\/posts\/1555\/revisions\/1558"}],"wp:attachment":[{"href":"https:\/\/agora.xtec.cat\/ceip-catalunya-sabadell\/wp-json\/wp\/v2\/media?parent=1555"}],"wp:term":[{"taxonomy":"category","embeddable":true,"href":"https:\/\/agora.xtec.cat\/ceip-catalunya-sabadell\/wp-json\/wp\/v2\/categories?post=1555"},{"taxonomy":"post_tag","embeddable":true,"href":"https:\/\/agora.xtec.cat\/ceip-catalunya-sabadell\/wp-json\/wp\/v2\/tags?post=1555"}],"curies":[{"name":"wp","href":"https:\/\/api.w.org\/{rel}","templated":true}]}}