{"id":1411,"date":"2017-12-22T13:02:46","date_gmt":"2017-12-22T12:02:46","guid":{"rendered":"http:\/\/agora.xtec.cat\/ceip-catalunya-sabadell\/?p=1411"},"modified":"2017-12-22T13:02:46","modified_gmt":"2017-12-22T12:02:46","slug":"hem-fet-cagar-el-tio","status":"publish","type":"post","link":"https:\/\/agora.xtec.cat\/ceip-catalunya-sabadell\/infantil\/hem-fet-cagar-el-tio\/","title":{"rendered":"HEM FET CAGAR EL TI\u00d3!!!"},"content":{"rendered":"<p>AQUEST MAT\u00cd ENS HEM TROBAT QUE EL TI\u00d3 HAVIA CRESCUT!!<\/p>\n<p>TOTA L&#8217;ESCOLA FEIA UNA PUDOR INSOPORTABLE I ES SENTIEN UNS SOROLLS ESTRANYS&#8230;&#8230;<\/p>\n<p>ENTRE TOTS ELS NENS I NENES D&#8217;INFANTIL HEM PICAT BEN FORT EL TI\u00d3 I HEM ACONSEGUIT QUE ENS CAGUI UN REGALET!!!<\/p>\n<p>BONES FESTES A TOTHOM!!<\/p>\n<p><iframe loading=\"lazy\" src=\"\/\/www.youtube.com\/embed\/Q4YndRINgkU\" width=\"560\" height=\"314\"><\/iframe><\/p>\n<p>&nbsp;<\/p>\n","protected":false},"excerpt":{"rendered":"<p>AQUEST MAT\u00cd ENS HEM TROBAT QUE EL TI\u00d3 HAVIA CRESCUT!!<br \/>\nTOTA L&#8217;ESCOLA FEIA UNA PUDOR INSOPORTABLE I ES SENTIEN UNS SOROLLS ESTRANYS&#8230;&#8230;<br \/>\nENTRE TOTS ELS NENS I NENES D&#8217;INFANTIL HEM PICAT BEN FORT EL TI\u00d3 I HEM ACONSEGUIT QUE ENS CAGUI UN REGALET!!!<br \/>\nBONES FESTES A TOTHOM!!<\/p>\n<p>&nbsp;<\/p>\n","protected":false},"author":40,"featured_media":1413,"comment_status":"open","ping_status":"closed","sticky":false,"template":"","format":"standard","meta":{"_bbp_topic_count":0,"_bbp_reply_count":0,"_bbp_total_topic_count":0,"_bbp_total_reply_count":0,"_bbp_voice_count":0,"_bbp_anonymous_reply_count":0,"_bbp_topic_count_hidden":0,"_bbp_reply_count_hidden":0,"_bbp_forum_subforum_count":0,"footnotes":""},"categories":[2,4],"tags":[],"class_list":["post-1411","post","type-post","status-publish","format-standard","has-post-thumbnail","hentry","category-infantil","category-portada"],"post_mailing_queue_ids":[],"_links":{"self":[{"href":"https:\/\/agora.xtec.cat\/ceip-catalunya-sabadell\/wp-json\/wp\/v2\/posts\/1411","targetHints":{"allow":["GET"]}}],"collection":[{"href":"https:\/\/agora.xtec.cat\/ceip-catalunya-sabadell\/wp-json\/wp\/v2\/posts"}],"about":[{"href":"https:\/\/agora.xtec.cat\/ceip-catalunya-sabadell\/wp-json\/wp\/v2\/types\/post"}],"author":[{"embeddable":true,"href":"https:\/\/agora.xtec.cat\/ceip-catalunya-sabadell\/wp-json\/wp\/v2\/users\/40"}],"replies":[{"embeddable":true,"href":"https:\/\/agora.xtec.cat\/ceip-catalunya-sabadell\/wp-json\/wp\/v2\/comments?post=1411"}],"version-history":[{"count":1,"href":"https:\/\/agora.xtec.cat\/ceip-catalunya-sabadell\/wp-json\/wp\/v2\/posts\/1411\/revisions"}],"predecessor-version":[{"id":1412,"href":"https:\/\/agora.xtec.cat\/ceip-catalunya-sabadell\/wp-json\/wp\/v2\/posts\/1411\/revisions\/1412"}],"wp:featuredmedia":[{"embeddable":true,"href":"https:\/\/agora.xtec.cat\/ceip-catalunya-sabadell\/wp-json\/wp\/v2\/media\/1413"}],"wp:attachment":[{"href":"https:\/\/agora.xtec.cat\/ceip-catalunya-sabadell\/wp-json\/wp\/v2\/media?parent=1411"}],"wp:term":[{"taxonomy":"category","embeddable":true,"href":"https:\/\/agora.xtec.cat\/ceip-catalunya-sabadell\/wp-json\/wp\/v2\/categories?post=1411"},{"taxonomy":"post_tag","embeddable":true,"href":"https:\/\/agora.xtec.cat\/ceip-catalunya-sabadell\/wp-json\/wp\/v2\/tags?post=1411"}],"curies":[{"name":"wp","href":"https:\/\/api.w.org\/{rel}","templated":true}]}}