{"id":1119,"date":"2017-11-24T12:48:47","date_gmt":"2017-11-24T11:48:47","guid":{"rendered":"http:\/\/agora.xtec.cat\/ceip-catalunya-sabadell\/?p=1119"},"modified":"2018-02-01T23:04:11","modified_gmt":"2018-02-01T22:04:11","slug":"visita-a-la-fundacio-miro-barcelona","status":"publish","type":"post","link":"https:\/\/agora.xtec.cat\/ceip-catalunya-sabadell\/artscrafts\/visita-a-la-fundacio-miro-barcelona\/","title":{"rendered":"Visita a la Fundaci\u00f3 Mir\u00f3 (Barcelona)"},"content":{"rendered":"<p>Benvolgudes fam\u00edlies ,<\/p>\n<p>si cliqueu a la fotografia, se us obrir\u00e0 una nova p\u00e0gina on podreu veure un recull de fotografies de la recent visita a la Fundaci\u00f3 Mir\u00f3 ( Barcelona) .<\/p>\n<p>Esperem que us agradin!!<\/p>\n<p><a href=\"https:\/\/photos.app.goo.gl\/QFXJFgx3r6PEVymI2\"><img loading=\"lazy\" decoding=\"async\" class=\"alignnone wp-image-1201 size-large\" src=\"http:\/\/agora.xtec.cat\/ceip-catalunya-sabadell\/wp-content\/uploads\/usu823\/2017\/11\/resized_DSCN5106-1024x768.jpg\" alt=\"\" width=\"1024\" height=\"768\" \/><\/a><\/p>\n<p>&nbsp;<\/p>\n<p>&nbsp;<\/p>\n<p>&nbsp;<\/p>\n","protected":false},"excerpt":{"rendered":"<p>Benvolgudes fam\u00edlies ,<br \/>\nsi cliqueu a la fotografia, se us obrir\u00e0 una nova p\u00e0gina on podreu veure un recull de fotografies de la recent visita a la Fundaci\u00f3 Mir\u00f3 ( Barcelona) .<br \/>\nEsperem que us agradin!!<br \/>\n<a href=\"https:\/\/photos.app.goo.gl\/QFXJFgx3r6PEVymI2\"><\/a><br \/>\n&nbsp;<br \/>\n&nbsp;<br \/>\n&nbsp;<\/p>\n","protected":false},"author":3,"featured_media":0,"comment_status":"open","ping_status":"closed","sticky":false,"template":"","format":"standard","meta":{"_bbp_topic_count":0,"_bbp_reply_count":0,"_bbp_total_topic_count":0,"_bbp_total_reply_count":0,"_bbp_voice_count":0,"_bbp_anonymous_reply_count":0,"_bbp_topic_count_hidden":0,"_bbp_reply_count_hidden":0,"_bbp_forum_subforum_count":0,"footnotes":""},"categories":[40],"tags":[99],"class_list":["post-1119","post","type-post","status-publish","format-standard","hentry","category-artscrafts","tag-artistes"],"post_mailing_queue_ids":[],"_links":{"self":[{"href":"https:\/\/agora.xtec.cat\/ceip-catalunya-sabadell\/wp-json\/wp\/v2\/posts\/1119","targetHints":{"allow":["GET"]}}],"collection":[{"href":"https:\/\/agora.xtec.cat\/ceip-catalunya-sabadell\/wp-json\/wp\/v2\/posts"}],"about":[{"href":"https:\/\/agora.xtec.cat\/ceip-catalunya-sabadell\/wp-json\/wp\/v2\/types\/post"}],"author":[{"embeddable":true,"href":"https:\/\/agora.xtec.cat\/ceip-catalunya-sabadell\/wp-json\/wp\/v2\/users\/3"}],"replies":[{"embeddable":true,"href":"https:\/\/agora.xtec.cat\/ceip-catalunya-sabadell\/wp-json\/wp\/v2\/comments?post=1119"}],"version-history":[{"count":3,"href":"https:\/\/agora.xtec.cat\/ceip-catalunya-sabadell\/wp-json\/wp\/v2\/posts\/1119\/revisions"}],"predecessor-version":[{"id":1356,"href":"https:\/\/agora.xtec.cat\/ceip-catalunya-sabadell\/wp-json\/wp\/v2\/posts\/1119\/revisions\/1356"}],"wp:attachment":[{"href":"https:\/\/agora.xtec.cat\/ceip-catalunya-sabadell\/wp-json\/wp\/v2\/media?parent=1119"}],"wp:term":[{"taxonomy":"category","embeddable":true,"href":"https:\/\/agora.xtec.cat\/ceip-catalunya-sabadell\/wp-json\/wp\/v2\/categories?post=1119"},{"taxonomy":"post_tag","embeddable":true,"href":"https:\/\/agora.xtec.cat\/ceip-catalunya-sabadell\/wp-json\/wp\/v2\/tags?post=1119"}],"curies":[{"name":"wp","href":"https:\/\/api.w.org\/{rel}","templated":true}]}}