{"id":1112,"date":"2017-11-22T13:36:15","date_gmt":"2017-11-22T12:36:15","guid":{"rendered":"http:\/\/agora.xtec.cat\/ceip-catalunya-sabadell\/?p=1112"},"modified":"2018-02-01T23:04:20","modified_gmt":"2018-02-01T22:04:20","slug":"concert-de-santa-cecilia-2017","status":"publish","type":"post","link":"https:\/\/agora.xtec.cat\/ceip-catalunya-sabadell\/portada\/concert-de-santa-cecilia-2017\/","title":{"rendered":"CONCERT DE SANTA CEC\u00cdLIA 2017"},"content":{"rendered":"<p>Un any m\u00e9s celebrem, tots plegats i amb molta il.lusi\u00f3, la festa dels m\u00fasics; enguany sota un t\u00edtol molt suggeridor: \u201cCan\u00e7ons que fan pensar\u201d, perqu\u00e8 ens adonem que la m\u00fasica no nom\u00e9s t\u2019omple el cor quan l\u2019escoltes o la interpretes, sin\u00f3 que tamb\u00e9 sovint hi ha can\u00e7ons que pel seu contingut et fa reflexionar sobre temes molt diversos i en aquest cas, molt interessants pels nostres infants que s\u00f3n el futur del m\u00f3n. Temes com el respecte a la natura, la no viol\u00e8ncia, l\u2019amistat, l\u2019esfor\u00e7&#8230; han sorgit al llarg de la preparaci\u00f3 d\u2019aquest concert i han servit de punt de reflexi\u00f3 col.lectiva. Perqu\u00e8 la m\u00fasica tamb\u00e9 educa en valors i per aix\u00f2 \u00e9s un pilar de la nostra escola.<\/p>\n<p>Bona diada de Sta. Cec\u00edlia a tothom!!!<\/p>\n<p>Cliqueu al damunt de la imatge per a veure les fotografies del concert d&#8217;avui.<\/p>\n<p><a href=\"https:\/\/photos.app.goo.gl\/LRGKpd5sEJgkiAK62\"><img loading=\"lazy\" decoding=\"async\" class=\"size-medium wp-image-1113\" src=\"http:\/\/agora.xtec.cat\/ceip-catalunya-sabadell\/wp-content\/uploads\/usu823\/2017\/11\/PB230114-300x225.jpg\" alt=\"\" width=\"300\" height=\"225\" \/><\/a><\/p>\n","protected":false},"excerpt":{"rendered":"<p>Un any m\u00e9s celebrem, tots plegats i amb molta il.lusi\u00f3, la festa dels m\u00fasics; enguany sota un t\u00edtol molt suggeridor: \u201cCan\u00e7ons que fan pensar\u201d, perqu\u00e8 ens adonem que la m\u00fasica no nom\u00e9s t\u2019omple el cor quan l\u2019escoltes o la interpretes, sin\u00f3 que tamb\u00e9 sovint hi&hellip;  <a href=\"https:\/\/agora.xtec.cat\/ceip-catalunya-sabadell\/portada\/concert-de-santa-cecilia-2017\/\" title=\"Read CONCERT DE SANTA CEC\u00cdLIA 2017\">Llegeix m\u00e9s\u00bb<\/a><\/p>\n","protected":false},"author":3,"featured_media":0,"comment_status":"open","ping_status":"closed","sticky":false,"template":"","format":"standard","meta":{"_bbp_topic_count":0,"_bbp_reply_count":0,"_bbp_total_topic_count":0,"_bbp_total_reply_count":0,"_bbp_voice_count":0,"_bbp_anonymous_reply_count":0,"_bbp_topic_count_hidden":0,"_bbp_reply_count_hidden":0,"_bbp_forum_subforum_count":0,"footnotes":""},"categories":[13,14,15,36,44,4],"tags":[98],"class_list":["post-1112","post","type-post","status-publish","format-standard","hentry","category-4t","category-5e","category-6e","category-festes","category-musica","category-portada","tag-musica"],"post_mailing_queue_ids":[],"_links":{"self":[{"href":"https:\/\/agora.xtec.cat\/ceip-catalunya-sabadell\/wp-json\/wp\/v2\/posts\/1112","targetHints":{"allow":["GET"]}}],"collection":[{"href":"https:\/\/agora.xtec.cat\/ceip-catalunya-sabadell\/wp-json\/wp\/v2\/posts"}],"about":[{"href":"https:\/\/agora.xtec.cat\/ceip-catalunya-sabadell\/wp-json\/wp\/v2\/types\/post"}],"author":[{"embeddable":true,"href":"https:\/\/agora.xtec.cat\/ceip-catalunya-sabadell\/wp-json\/wp\/v2\/users\/3"}],"replies":[{"embeddable":true,"href":"https:\/\/agora.xtec.cat\/ceip-catalunya-sabadell\/wp-json\/wp\/v2\/comments?post=1112"}],"version-history":[{"count":1,"href":"https:\/\/agora.xtec.cat\/ceip-catalunya-sabadell\/wp-json\/wp\/v2\/posts\/1112\/revisions"}],"predecessor-version":[{"id":1114,"href":"https:\/\/agora.xtec.cat\/ceip-catalunya-sabadell\/wp-json\/wp\/v2\/posts\/1112\/revisions\/1114"}],"wp:attachment":[{"href":"https:\/\/agora.xtec.cat\/ceip-catalunya-sabadell\/wp-json\/wp\/v2\/media?parent=1112"}],"wp:term":[{"taxonomy":"category","embeddable":true,"href":"https:\/\/agora.xtec.cat\/ceip-catalunya-sabadell\/wp-json\/wp\/v2\/categories?post=1112"},{"taxonomy":"post_tag","embeddable":true,"href":"https:\/\/agora.xtec.cat\/ceip-catalunya-sabadell\/wp-json\/wp\/v2\/tags?post=1112"}],"curies":[{"name":"wp","href":"https:\/\/api.w.org\/{rel}","templated":true}]}}