{"id":1010,"date":"2017-11-17T13:04:06","date_gmt":"2017-11-17T12:04:06","guid":{"rendered":"http:\/\/agora.xtec.cat\/ceip-catalunya-sabadell\/?p=1010"},"modified":"2018-02-01T23:04:47","modified_gmt":"2018-02-01T22:04:47","slug":"visita-i-taller-al-crag-de-la-uab","status":"publish","type":"post","link":"https:\/\/agora.xtec.cat\/ceip-catalunya-sabadell\/general\/visita-i-taller-al-crag-de-la-uab\/","title":{"rendered":"Visita i taller al CRAG de la UAB"},"content":{"rendered":"<p>Aquesta setmana els alumnes de sis\u00e8 hem tingut la sort de poder anar a visitar i a experimentar al \u00a0CRAG, centre de recerca agrigen\u00f2mica, \u00e9s a dir investiguen sobre els beneficis que ens poden oferir les plantes.<\/p>\n<p>Aprofitant que estem estudiant els \u00e9ssers vius i els microorganismes ha estat genial poder empatitzar amb la professi\u00f3 dels cient\u00edfics i ajudar-los a \u00a0descobrir elements sobre les plantes que no coneix\u00edem fins ara. A m\u00e9s de veure tots els laboratoris i con\u00e8ixer l&#8217;equip t\u00e8cnic del CRAG, hem pogut experimentar amb les plantes i les seves mutacions.<\/p>\n<p>A trav\u00e9s del m\u00e8tode cient\u00edfic vam mirar a trav\u00e9s d&#8217;unes lupes binoculars i vam descobrir les difer\u00e8ncies entre les plantes que havien crescut sense llum i les les plantes amb p\u00e8ls. Tanmateix, vam poder confirmar les nostres hip\u00f2tesis i descobrir on estaven les mutacions. Realment \u00a0ha estat una experi\u00e8ncia molt enriquidora&#8230;.. qui sap si alg\u00fa de nosaltres ser\u00e0 un gran cient\u00edfic en un futur!!!!!!<\/p>\n<p>Cliqueu al damunt de la fotografia per veure&#8217;n m\u00e9s:<\/p>\n<p><a href=\"https:\/\/photos.app.goo.gl\/HG5E0D6sOHaeeLLC2\"><img loading=\"lazy\" decoding=\"async\" class=\"alignnone size-medium wp-image-1012\" src=\"http:\/\/agora.xtec.cat\/ceip-catalunya-sabadell\/wp-content\/uploads\/usu823\/2017\/11\/IMG_3979-300x225.jpg\" alt=\"\" width=\"300\" height=\"225\" srcset=\"https:\/\/agora.xtec.cat\/ceip-catalunya-sabadell\/wp-content\/uploads\/usu823\/2017\/11\/IMG_3979-300x225.jpg 300w, https:\/\/agora.xtec.cat\/ceip-catalunya-sabadell\/wp-content\/uploads\/usu823\/2017\/11\/IMG_3979-768x576.jpg 768w, https:\/\/agora.xtec.cat\/ceip-catalunya-sabadell\/wp-content\/uploads\/usu823\/2017\/11\/IMG_3979-1024x768.jpg 1024w, https:\/\/agora.xtec.cat\/ceip-catalunya-sabadell\/wp-content\/uploads\/usu823\/2017\/11\/IMG_3979-200x150.jpg 200w, https:\/\/agora.xtec.cat\/ceip-catalunya-sabadell\/wp-content\/uploads\/usu823\/2017\/11\/IMG_3979.jpg 2016w\" sizes=\"auto, (max-width: 300px) 100vw, 300px\" \/><\/a><\/p>\n<p>&nbsp;<\/p>\n<p>&nbsp;<\/p>\n<p>&nbsp;<\/p>\n<p>&nbsp;<\/p>\n","protected":false},"excerpt":{"rendered":"<p>Aquesta setmana els alumnes de sis\u00e8 hem tingut la sort de poder anar a visitar i a experimentar al \u00a0CRAG, centre de recerca agrigen\u00f2mica, \u00e9s a dir investiguen sobre els beneficis que ens poden oferir les plantes.<br \/>\nAprofitant que estem estudiant els \u00e9ssers vius i els&hellip;  <a href=\"https:\/\/agora.xtec.cat\/ceip-catalunya-sabadell\/general\/visita-i-taller-al-crag-de-la-uab\/\" title=\"Read Visita i taller al CRAG de la UAB\">Llegeix m\u00e9s\u00bb<\/a><\/p>\n","protected":false},"author":19,"featured_media":0,"comment_status":"open","ping_status":"closed","sticky":false,"template":"","format":"standard","meta":{"_bbp_topic_count":0,"_bbp_reply_count":0,"_bbp_total_topic_count":0,"_bbp_total_reply_count":0,"_bbp_voice_count":0,"_bbp_anonymous_reply_count":0,"_bbp_topic_count_hidden":0,"_bbp_reply_count_hidden":0,"_bbp_forum_subforum_count":0,"footnotes":""},"categories":[15,38,1],"tags":[102,101],"class_list":["post-1010","post","type-post","status-publish","format-standard","hentry","category-6e","category-sostenible","category-general","tag-cientifics","tag-uab"],"post_mailing_queue_ids":[],"_links":{"self":[{"href":"https:\/\/agora.xtec.cat\/ceip-catalunya-sabadell\/wp-json\/wp\/v2\/posts\/1010","targetHints":{"allow":["GET"]}}],"collection":[{"href":"https:\/\/agora.xtec.cat\/ceip-catalunya-sabadell\/wp-json\/wp\/v2\/posts"}],"about":[{"href":"https:\/\/agora.xtec.cat\/ceip-catalunya-sabadell\/wp-json\/wp\/v2\/types\/post"}],"author":[{"embeddable":true,"href":"https:\/\/agora.xtec.cat\/ceip-catalunya-sabadell\/wp-json\/wp\/v2\/users\/19"}],"replies":[{"embeddable":true,"href":"https:\/\/agora.xtec.cat\/ceip-catalunya-sabadell\/wp-json\/wp\/v2\/comments?post=1010"}],"version-history":[{"count":3,"href":"https:\/\/agora.xtec.cat\/ceip-catalunya-sabadell\/wp-json\/wp\/v2\/posts\/1010\/revisions"}],"predecessor-version":[{"id":1015,"href":"https:\/\/agora.xtec.cat\/ceip-catalunya-sabadell\/wp-json\/wp\/v2\/posts\/1010\/revisions\/1015"}],"wp:attachment":[{"href":"https:\/\/agora.xtec.cat\/ceip-catalunya-sabadell\/wp-json\/wp\/v2\/media?parent=1010"}],"wp:term":[{"taxonomy":"category","embeddable":true,"href":"https:\/\/agora.xtec.cat\/ceip-catalunya-sabadell\/wp-json\/wp\/v2\/categories?post=1010"},{"taxonomy":"post_tag","embeddable":true,"href":"https:\/\/agora.xtec.cat\/ceip-catalunya-sabadell\/wp-json\/wp\/v2\/tags?post=1010"}],"curies":[{"name":"wp","href":"https:\/\/api.w.org\/{rel}","templated":true}]}}