{"id":39,"count":29,"description":"<p style=\"text-align: justify;\">La celebraci\u00f3 de la diada de Sant Jordi \u00e9s especialment important per a la nostra escola. \u00c9s la cloenda d'un projecte de centre on tot gira al voltant de la literatura i la m\u00e0gia de les llegendes.<\/p>\r\n<p style=\"text-align: justify;\"><a href=\"http:\/\/agora.xtec.cat\/ceip-catalunya-sabadell\/wp-content\/uploads\/usu823\/2016\/03\/drac-inf.jpg\"><img class=\" size-full wp-image-429 alignleft\" src=\"http:\/\/agora.xtec.cat\/ceip-catalunya-sabadell\/wp-content\/uploads\/usu823\/2016\/03\/drac-inf.jpg\" alt=\"drac inf\" width=\"197\" height=\"164\" \/><\/a>\u00a0Aquest \u00e9s l'eix que vertebra un projecte com\u00fa, viure per poder escriure i escriure\u00a0 per poder comunicar. Comunicar les idees i els sentiments que ens fan millors persones.<\/p>\r\n<p style=\"text-align: justify;\">\u00a0Els nens i nenes treballen des del mes de mar\u00e7 en la preparaci\u00f3 de diferents activitats. Mentre que els \/es alumnes d'Infantil transformen el seu entorn en un gran castell i viuen en directe els personatges de la llegenda, els de Prim\u00e0ria s'inicien en el m\u00f3n literari, llegint i confegint diferents tipologies de textos per als Jocs Florals.<\/p>\r\n<p style=\"text-align: justify;\">A m\u00e9s, l'alumnat de 3r prepara i representa \"Art i Poesia\" en qu\u00e8 es combina la m\u00fasica, la paraula, el moviment i el suport visual per crear un espectacle molt especial.<\/p>\r\n<p style=\"text-align: justify;\">El treball amb les eines digitals ens ajuda molt a millorar el resultat de les activitats i ampliar la seva difusi\u00f3.<\/p>\r\n<p style=\"text-align: justify;\"><\/p>","link":"https:\/\/agora.xtec.cat\/ceip-catalunya-sabadell\/categoria\/jo-llegeixo-jo-escric-jo-visc\/","name":"Jo llegeixo, jo escric... jo visc!","slug":"jo-llegeixo-jo-escric-jo-visc","taxonomy":"category","parent":0,"meta":[],"_links":{"self":[{"href":"https:\/\/agora.xtec.cat\/ceip-catalunya-sabadell\/wp-json\/wp\/v2\/categories\/39","targetHints":{"allow":["GET"]}}],"collection":[{"href":"https:\/\/agora.xtec.cat\/ceip-catalunya-sabadell\/wp-json\/wp\/v2\/categories"}],"about":[{"href":"https:\/\/agora.xtec.cat\/ceip-catalunya-sabadell\/wp-json\/wp\/v2\/taxonomies\/category"}],"wp:post_type":[{"href":"https:\/\/agora.xtec.cat\/ceip-catalunya-sabadell\/wp-json\/wp\/v2\/posts?categories=39"}],"curies":[{"name":"wp","href":"https:\/\/api.w.org\/{rel}","templated":true}]}}