{"id":135,"count":0,"description":"Per con\u00e8ixer l'Estrat\u00e8gia Digital de Centre, podeu clicar el seg\u00fcent enlla\u00e7:\r\n\r\n<a href=\"https:\/\/sites.google.com\/xtec.cat\/estrategia-digital-centre\/inici\" target=\"_blank\" rel=\"noopener\">https:\/\/sites.google.com\/xtec.cat\/estrategia-digital-centre\/inici<\/a>","link":"https:\/\/agora.xtec.cat\/ceip-catalunya-sabadell\/categoria\/estrategia-digital-de-centre\/","name":"Estrat\u00e8gia digital de centre","slug":"estrategia-digital-de-centre","taxonomy":"category","parent":0,"meta":[],"_links":{"self":[{"href":"https:\/\/agora.xtec.cat\/ceip-catalunya-sabadell\/wp-json\/wp\/v2\/categories\/135","targetHints":{"allow":["GET"]}}],"collection":[{"href":"https:\/\/agora.xtec.cat\/ceip-catalunya-sabadell\/wp-json\/wp\/v2\/categories"}],"about":[{"href":"https:\/\/agora.xtec.cat\/ceip-catalunya-sabadell\/wp-json\/wp\/v2\/taxonomies\/category"}],"wp:post_type":[{"href":"https:\/\/agora.xtec.cat\/ceip-catalunya-sabadell\/wp-json\/wp\/v2\/posts?categories=135"}],"curies":[{"name":"wp","href":"https:\/\/api.w.org\/{rel}","templated":true}]}}