{"id":9937,"date":"2018-07-04T11:00:24","date_gmt":"2018-07-04T09:00:24","guid":{"rendered":"http:\/\/agora.xtec.cat\/ceip-canpuig\/?p=9937"},"modified":"2018-07-04T11:10:01","modified_gmt":"2018-07-04T09:10:01","slug":"espai-mares","status":"publish","type":"post","link":"https:\/\/agora.xtec.cat\/ceip-canpuig\/general\/espai-mares\/","title":{"rendered":"ESPAI de MARES"},"content":{"rendered":"<p>L\u2019Espai de mares va comen\u00e7ar a la nostra escola el curs 2010\/11. Des dels seus inicis fins a l\u2019actualitat, el projecte s\u2019ha anat modificant i adaptant al tarann\u00e0 , als interessos  i a les necessitats del grup de mares participants .<br \/>\nAquesta activitat va dirigida a mares d\u2019alumnes que estan en proc\u00e9s d\u2019aprenentatge de la llengua catalana i el que s\u2019intenta \u00e9s oferir-los un contacte directe amb la llengua amb qu\u00e8 els seus fills aprenen i es relacionen a l\u2019escola. Tot plegat  es fa des de l\u2019\u00f2ptica de la interculturalitat i amb respecte vers les diferents cultures que s\u2019hi apleguen.<br \/>\nUn grup de mares catalanes volunt\u00e0ries  col.laboren  setmanalment en aquest espai on posen en coneixement m\u00faltiples informacions, experi\u00e8ncies i activitats on hi participen mares majorit\u00e0riament de cultura marroquina i gambiana.<br \/>\nEn aquest espai de trobades es tracten diverses tem\u00e0tiques i se\u2019ls d\u00f3na a con\u00e8ixer el funcionament intern de l\u2019escola, els aspectes normatius i organitzatiu, les celebracions,\u2026.de manera que el seu coneixement de la llengua i la cultura catalana vagi augmentant.<br \/>\nDes de tots els \u00e0mbits de la comunitat educativa se\u2019n fa molt bona valoraci\u00f3 ja que s\u2019ha detectat un apropament de mares aut\u00f2ctones amb mares nouvingudes, fet que genera una millor coneixen\u00e7a m\u00fatua i una millor conviv\u00e8ncia. Tamb\u00e9 possibilita una major implicaci\u00f3 de les mares en els centres educatius i una m\u00e9s f\u00e0cil comunicaci\u00f3 entre les fam\u00edlies i l\u2019escola.<br \/>\nUna de les activitats que porten a terme des de fa un parell d&#8217;anys \u00e9s la representaci\u00f3 d&#8217;un conte tradicional amb titelles. Elles preparen el text i l&#8217;escenificaci\u00f3 i ho representen davant tots els alumnes de P3,P4 i P5. Aix\u00ed mateix s&#8217;ha cedit a l&#8217;escola tot el material d&#8217;escenografia realitzat i les titelles fetes a m\u00e0.<br \/>\nFelicitats per la feina!<\/p>\n<p> <img loading=\"lazy\" decoding=\"async\" src=\"http:\/\/agora.xtec.cat\/ceip-canpuig\/wp-content\/uploads\/usu1039\/2018\/07\/patufet-2.jpg\" alt=\"\" width=\"1600\" height=\"1200\" class=\"aligncenter size-full wp-image-9940\" srcset=\"https:\/\/agora.xtec.cat\/ceip-canpuig\/wp-content\/uploads\/usu1039\/2018\/07\/patufet-2.jpg 1600w, https:\/\/agora.xtec.cat\/ceip-canpuig\/wp-content\/uploads\/usu1039\/2018\/07\/patufet-2-300x225.jpg 300w, https:\/\/agora.xtec.cat\/ceip-canpuig\/wp-content\/uploads\/usu1039\/2018\/07\/patufet-2-768x576.jpg 768w, https:\/\/agora.xtec.cat\/ceip-canpuig\/wp-content\/uploads\/usu1039\/2018\/07\/patufet-2-1024x768.jpg 1024w, https:\/\/agora.xtec.cat\/ceip-canpuig\/wp-content\/uploads\/usu1039\/2018\/07\/patufet-2-200x150.jpg 200w\" sizes=\"auto, (max-width: 1600px) 100vw, 1600px\" \/><br \/>\n<img loading=\"lazy\" decoding=\"async\" src=\"http:\/\/agora.xtec.cat\/ceip-canpuig\/wp-content\/uploads\/usu1039\/2018\/07\/rinxolsdor-2.jpg\" alt=\"\" width=\"1600\" height=\"1200\" class=\"aligncenter size-full wp-image-9942\" srcset=\"https:\/\/agora.xtec.cat\/ceip-canpuig\/wp-content\/uploads\/usu1039\/2018\/07\/rinxolsdor-2.jpg 1600w, https:\/\/agora.xtec.cat\/ceip-canpuig\/wp-content\/uploads\/usu1039\/2018\/07\/rinxolsdor-2-300x225.jpg 300w, https:\/\/agora.xtec.cat\/ceip-canpuig\/wp-content\/uploads\/usu1039\/2018\/07\/rinxolsdor-2-768x576.jpg 768w, https:\/\/agora.xtec.cat\/ceip-canpuig\/wp-content\/uploads\/usu1039\/2018\/07\/rinxolsdor-2-1024x768.jpg 1024w, https:\/\/agora.xtec.cat\/ceip-canpuig\/wp-content\/uploads\/usu1039\/2018\/07\/rinxolsdor-2-200x150.jpg 200w\" sizes=\"auto, (max-width: 1600px) 100vw, 1600px\" \/><\/p>\n","protected":false},"excerpt":{"rendered":"<p>L\u2019Espai de mares va comen\u00e7ar a la nostra escola el curs 2010\/11. Des dels seus inicis fins a l\u2019actualitat, el projecte s\u2019ha anat modificant i adaptant al tarann\u00e0 , als interessos  i a les necessitats del grup de mares participants .<br \/>\nAquesta activitat va dirigida&hellip;  <a href=\"https:\/\/agora.xtec.cat\/ceip-canpuig\/general\/espai-mares\/\" title=\"Read ESPAI de MARES\">Llegeix m\u00e9s\u00bb<\/a><\/p>\n","protected":false},"author":1,"featured_media":0,"comment_status":"closed","ping_status":"closed","sticky":false,"template":"","format":"standard","meta":{"_bbp_topic_count":0,"_bbp_reply_count":0,"_bbp_total_topic_count":0,"_bbp_total_reply_count":0,"_bbp_voice_count":0,"_bbp_anonymous_reply_count":0,"_bbp_topic_count_hidden":0,"_bbp_reply_count_hidden":0,"_bbp_forum_subforum_count":0,"footnotes":""},"categories":[104,1,4],"tags":[],"class_list":["post-9937","post","type-post","status-publish","format-standard","hentry","category-curs-2017-2018","category-general","category-portada"],"post_mailing_queue_ids":[],"_links":{"self":[{"href":"https:\/\/agora.xtec.cat\/ceip-canpuig\/wp-json\/wp\/v2\/posts\/9937","targetHints":{"allow":["GET"]}}],"collection":[{"href":"https:\/\/agora.xtec.cat\/ceip-canpuig\/wp-json\/wp\/v2\/posts"}],"about":[{"href":"https:\/\/agora.xtec.cat\/ceip-canpuig\/wp-json\/wp\/v2\/types\/post"}],"author":[{"embeddable":true,"href":"https:\/\/agora.xtec.cat\/ceip-canpuig\/wp-json\/wp\/v2\/users\/1"}],"replies":[{"embeddable":true,"href":"https:\/\/agora.xtec.cat\/ceip-canpuig\/wp-json\/wp\/v2\/comments?post=9937"}],"version-history":[{"count":3,"href":"https:\/\/agora.xtec.cat\/ceip-canpuig\/wp-json\/wp\/v2\/posts\/9937\/revisions"}],"predecessor-version":[{"id":9943,"href":"https:\/\/agora.xtec.cat\/ceip-canpuig\/wp-json\/wp\/v2\/posts\/9937\/revisions\/9943"}],"wp:attachment":[{"href":"https:\/\/agora.xtec.cat\/ceip-canpuig\/wp-json\/wp\/v2\/media?parent=9937"}],"wp:term":[{"taxonomy":"category","embeddable":true,"href":"https:\/\/agora.xtec.cat\/ceip-canpuig\/wp-json\/wp\/v2\/categories?post=9937"},{"taxonomy":"post_tag","embeddable":true,"href":"https:\/\/agora.xtec.cat\/ceip-canpuig\/wp-json\/wp\/v2\/tags?post=9937"}],"curies":[{"name":"wp","href":"https:\/\/api.w.org\/{rel}","templated":true}]}}