{"id":9914,"date":"2018-06-27T12:39:24","date_gmt":"2018-06-27T10:39:24","guid":{"rendered":"http:\/\/agora.xtec.cat\/ceip-canpuig\/?p=9914"},"modified":"2018-06-27T12:39:24","modified_gmt":"2018-06-27T10:39:24","slug":"generacio-plurilingue-gep","status":"publish","type":"post","link":"https:\/\/agora.xtec.cat\/ceip-canpuig\/curs-2017-2018\/generacio-plurilingue-gep\/","title":{"rendered":"Generaci\u00f3 Pluriling\u00fce (GEP)"},"content":{"rendered":"<p>Aquest curs la nostra escola ha comen\u00e7at a formar part del Programa Generaci\u00f3 Pluriling\u00fce (GEP). Aix\u00f2 ha perm\u00e8s que els alumnes de 1r a 6\u00e8 de Prim\u00e0ria hagin comen\u00e7at a estudiar una part dels continguts de Medi Natural en angl\u00e8s.<br \/>\nLa llengua \u00e9s un instrument b\u00e0sic de comunicaci\u00f3 per a totes les \u00e0rees curriculars, volem que els nostres alumnes aprenguin angl\u00e8s en el context d\u2019una altra \u00e0rea, la de Coneixement del Medi Natural, ja que \u00e9s una \u00e0rea en la que s\u2019utilitza molt, per a formular preguntes i hip\u00f2tesis, per interpretar resultats i comunicar-ne les conclusions, per descriure fen\u00f2mens i canvis&#8230;  A m\u00e9s el Coneixement del Medi Natural \u00e9s una \u00e0rea molt propera al nen i que l\u2019ajuda a explicar el que passa al seu voltant. Aix\u00f2 contribueix a qu\u00e8 mostri molta curiositat i motivaci\u00f3 per aprendre, alhora que desenvolupa les seves habilitats comunicatives, en aquest cas en una altra llengua.<\/p>\n<p> El fet d\u2019introduir l\u2019angl\u00e8s per aprendre continguts de medi permet:<\/p>\n<p>&#8211; Incrementar el temps de contacte amb la llengua anglesa.<br \/>\n&#8211; Millorar la comprensi\u00f3 i l\u2019expressi\u00f3 oral.<br \/>\n&#8211; Millorar la comprensi\u00f3 lectora i indirectament l\u2019escrita.<br \/>\n&#8211; Donar funcionalitat a l\u2019expressi\u00f3 oral de la llengua anglesa.<br \/>\n&#8211; Gaudir de la lectura en aquesta llengua.<\/p>\n","protected":false},"excerpt":{"rendered":"<p>Aquest curs la nostra escola ha comen\u00e7at a formar part del Programa Generaci\u00f3 Pluriling\u00fce (GEP). Aix\u00f2 ha perm\u00e8s que els alumnes de 1r a 6\u00e8 de Prim\u00e0ria hagin comen\u00e7at a estudiar una part dels continguts de Medi Natural en angl\u00e8s.<br \/>\nLa llengua \u00e9s un instrument b\u00e0sic&hellip;  <a href=\"https:\/\/agora.xtec.cat\/ceip-canpuig\/curs-2017-2018\/generacio-plurilingue-gep\/\" title=\"Read Generaci\u00f3 Pluriling\u00fce (GEP)\">Llegeix m\u00e9s\u00bb<\/a><\/p>\n","protected":false},"author":1,"featured_media":0,"comment_status":"open","ping_status":"closed","sticky":false,"template":"","format":"standard","meta":{"_bbp_topic_count":0,"_bbp_reply_count":0,"_bbp_total_topic_count":0,"_bbp_total_reply_count":0,"_bbp_voice_count":0,"_bbp_anonymous_reply_count":0,"_bbp_topic_count_hidden":0,"_bbp_reply_count_hidden":0,"_bbp_forum_subforum_count":0,"footnotes":""},"categories":[104,120],"tags":[],"class_list":["post-9914","post","type-post","status-publish","format-standard","hentry","category-curs-2017-2018","category-gep"],"post_mailing_queue_ids":[],"_links":{"self":[{"href":"https:\/\/agora.xtec.cat\/ceip-canpuig\/wp-json\/wp\/v2\/posts\/9914","targetHints":{"allow":["GET"]}}],"collection":[{"href":"https:\/\/agora.xtec.cat\/ceip-canpuig\/wp-json\/wp\/v2\/posts"}],"about":[{"href":"https:\/\/agora.xtec.cat\/ceip-canpuig\/wp-json\/wp\/v2\/types\/post"}],"author":[{"embeddable":true,"href":"https:\/\/agora.xtec.cat\/ceip-canpuig\/wp-json\/wp\/v2\/users\/1"}],"replies":[{"embeddable":true,"href":"https:\/\/agora.xtec.cat\/ceip-canpuig\/wp-json\/wp\/v2\/comments?post=9914"}],"version-history":[{"count":1,"href":"https:\/\/agora.xtec.cat\/ceip-canpuig\/wp-json\/wp\/v2\/posts\/9914\/revisions"}],"predecessor-version":[{"id":9915,"href":"https:\/\/agora.xtec.cat\/ceip-canpuig\/wp-json\/wp\/v2\/posts\/9914\/revisions\/9915"}],"wp:attachment":[{"href":"https:\/\/agora.xtec.cat\/ceip-canpuig\/wp-json\/wp\/v2\/media?parent=9914"}],"wp:term":[{"taxonomy":"category","embeddable":true,"href":"https:\/\/agora.xtec.cat\/ceip-canpuig\/wp-json\/wp\/v2\/categories?post=9914"},{"taxonomy":"post_tag","embeddable":true,"href":"https:\/\/agora.xtec.cat\/ceip-canpuig\/wp-json\/wp\/v2\/tags?post=9914"}],"curies":[{"name":"wp","href":"https:\/\/api.w.org\/{rel}","templated":true}]}}