{"id":9864,"date":"2018-06-15T11:40:46","date_gmt":"2018-06-15T09:40:46","guid":{"rendered":"http:\/\/agora.xtec.cat\/ceip-canpuig\/?p=9864"},"modified":"2018-06-15T11:40:46","modified_gmt":"2018-06-15T09:40:46","slug":"recorregut-per-lestany","status":"publish","type":"post","link":"https:\/\/agora.xtec.cat\/ceip-canpuig\/primaria\/recorregut-per-lestany\/","title":{"rendered":"RECORREGUT PER L&#8217;ESTANY"},"content":{"rendered":"<p>El passat dijous 31 de maig els alumnes de cicle inicial vam anar a fer una sortida a l\u2019estany per observar i con\u00e8ixer una mica m\u00e9s la flora t\u00edpica que hi creix. Tamb\u00e9 vam anar fins a la caseta de fusta on ens van explicar la llegenda de les goges de les Estunes.<\/p>\n<p><iframe loading=\"lazy\" src=\"https:\/\/player.vimeo.com\/video\/275225560\" width=\"640\" height=\"480\" frameborder=\"0\" webkitallowfullscreen mozallowfullscreen allowfullscreen><\/iframe><\/p>\n<p><a href=\"https:\/\/vimeo.com\/275225560\">Recorregut per l&#039;estany<\/a> from <a href=\"https:\/\/vimeo.com\/user78802151\">Escola Can Puig CI<\/a> on <a href=\"https:\/\/vimeo.com\">Vimeo<\/a>.<\/p>\n","protected":false},"excerpt":{"rendered":"<p>El passat dijous 31 de maig els alumnes de cicle inicial vam anar a fer una sortida a l\u2019estany per observar i con\u00e8ixer una mica m\u00e9s la flora t\u00edpica que hi creix. Tamb\u00e9 vam anar fins a la caseta de fusta on ens van explicar&hellip;  <a href=\"https:\/\/agora.xtec.cat\/ceip-canpuig\/primaria\/recorregut-per-lestany\/\" title=\"Read RECORREGUT PER L&#8217;ESTANY\">Llegeix m\u00e9s\u00bb<\/a><\/p>\n","protected":false},"author":1,"featured_media":9865,"comment_status":"open","ping_status":"closed","sticky":false,"template":"","format":"standard","meta":{"_bbp_topic_count":0,"_bbp_reply_count":0,"_bbp_total_topic_count":0,"_bbp_total_reply_count":0,"_bbp_voice_count":0,"_bbp_anonymous_reply_count":0,"_bbp_topic_count_hidden":0,"_bbp_reply_count_hidden":0,"_bbp_forum_subforum_count":0,"footnotes":""},"categories":[10,11,104,5],"tags":[],"class_list":["post-9864","post","type-post","status-publish","format-standard","has-post-thumbnail","hentry","category-1r","category-2n","category-curs-2017-2018","category-primaria"],"post_mailing_queue_ids":[],"_links":{"self":[{"href":"https:\/\/agora.xtec.cat\/ceip-canpuig\/wp-json\/wp\/v2\/posts\/9864","targetHints":{"allow":["GET"]}}],"collection":[{"href":"https:\/\/agora.xtec.cat\/ceip-canpuig\/wp-json\/wp\/v2\/posts"}],"about":[{"href":"https:\/\/agora.xtec.cat\/ceip-canpuig\/wp-json\/wp\/v2\/types\/post"}],"author":[{"embeddable":true,"href":"https:\/\/agora.xtec.cat\/ceip-canpuig\/wp-json\/wp\/v2\/users\/1"}],"replies":[{"embeddable":true,"href":"https:\/\/agora.xtec.cat\/ceip-canpuig\/wp-json\/wp\/v2\/comments?post=9864"}],"version-history":[{"count":1,"href":"https:\/\/agora.xtec.cat\/ceip-canpuig\/wp-json\/wp\/v2\/posts\/9864\/revisions"}],"predecessor-version":[{"id":9866,"href":"https:\/\/agora.xtec.cat\/ceip-canpuig\/wp-json\/wp\/v2\/posts\/9864\/revisions\/9866"}],"wp:featuredmedia":[{"embeddable":true,"href":"https:\/\/agora.xtec.cat\/ceip-canpuig\/wp-json\/wp\/v2\/media\/9865"}],"wp:attachment":[{"href":"https:\/\/agora.xtec.cat\/ceip-canpuig\/wp-json\/wp\/v2\/media?parent=9864"}],"wp:term":[{"taxonomy":"category","embeddable":true,"href":"https:\/\/agora.xtec.cat\/ceip-canpuig\/wp-json\/wp\/v2\/categories?post=9864"},{"taxonomy":"post_tag","embeddable":true,"href":"https:\/\/agora.xtec.cat\/ceip-canpuig\/wp-json\/wp\/v2\/tags?post=9864"}],"curies":[{"name":"wp","href":"https:\/\/api.w.org\/{rel}","templated":true}]}}