{"id":9833,"date":"2018-06-13T11:40:01","date_gmt":"2018-06-13T09:40:01","guid":{"rendered":"http:\/\/agora.xtec.cat\/ceip-canpuig\/?p=9833"},"modified":"2018-06-13T11:40:01","modified_gmt":"2018-06-13T09:40:01","slug":"excursio-a-la-fageda","status":"publish","type":"post","link":"https:\/\/agora.xtec.cat\/ceip-canpuig\/infantil\/excursio-a-la-fageda\/","title":{"rendered":"EXCURSI\u00d3 A LA FAGEDA"},"content":{"rendered":"<p>ELS NENS I NENES DE P-5 VAM ANAR D&#8217;EXCURSI\u00d3 DE FINAL DE CURS A LA FAGEDA D&#8217;EN JORD\u00c0 A OLOT. VAM LLEGIR EL POEMA DE MIQUEL MART\u00cd I POL I VAM JUGAR AL BOSC. DESPR\u00c9S VAM ANAR AL PARC NOU D&#8217;OLOT A DINAR. ENS HO VAM PASSAR SUPER B\u00c9!<\/p>\n<p><iframe loading=\"lazy\" src=\"https:\/\/player.vimeo.com\/video\/274848193\" width=\"640\" height=\"480\" frameborder=\"0\" webkitallowfullscreen mozallowfullscreen allowfullscreen><\/iframe><\/p>\n<p><a href=\"https:\/\/vimeo.com\/274848193\">ExcusioLaFageda<\/a> from <a href=\"https:\/\/vimeo.com\/user59119768\">comissionovestecnologies<\/a> on <a href=\"https:\/\/vimeo.com\">Vimeo<\/a>.<\/p>\n","protected":false},"excerpt":{"rendered":"<p>ELS NENS I NENES DE P-5 VAM ANAR D&#8217;EXCURSI\u00d3 DE FINAL DE CURS A LA FAGEDA D&#8217;EN JORD\u00c0 A OLOT. VAM LLEGIR EL POEMA DE MIQUEL MART\u00cd I POL I VAM JUGAR AL BOSC. DESPR\u00c9S VAM ANAR AL PARC NOU D&#8217;OLOT A DINAR. ENS HO&hellip;  <a href=\"https:\/\/agora.xtec.cat\/ceip-canpuig\/infantil\/excursio-a-la-fageda\/\" title=\"Read EXCURSI\u00d3 A LA FAGEDA\">Llegeix m\u00e9s\u00bb<\/a><\/p>\n","protected":false},"author":1,"featured_media":9834,"comment_status":"open","ping_status":"closed","sticky":false,"template":"","format":"standard","meta":{"_bbp_topic_count":0,"_bbp_reply_count":0,"_bbp_total_topic_count":0,"_bbp_total_reply_count":0,"_bbp_voice_count":0,"_bbp_anonymous_reply_count":0,"_bbp_topic_count_hidden":0,"_bbp_reply_count_hidden":0,"_bbp_forum_subforum_count":0,"footnotes":""},"categories":[2,9],"tags":[],"class_list":["post-9833","post","type-post","status-publish","format-standard","has-post-thumbnail","hentry","category-infantil","category-p5"],"post_mailing_queue_ids":[],"_links":{"self":[{"href":"https:\/\/agora.xtec.cat\/ceip-canpuig\/wp-json\/wp\/v2\/posts\/9833","targetHints":{"allow":["GET"]}}],"collection":[{"href":"https:\/\/agora.xtec.cat\/ceip-canpuig\/wp-json\/wp\/v2\/posts"}],"about":[{"href":"https:\/\/agora.xtec.cat\/ceip-canpuig\/wp-json\/wp\/v2\/types\/post"}],"author":[{"embeddable":true,"href":"https:\/\/agora.xtec.cat\/ceip-canpuig\/wp-json\/wp\/v2\/users\/1"}],"replies":[{"embeddable":true,"href":"https:\/\/agora.xtec.cat\/ceip-canpuig\/wp-json\/wp\/v2\/comments?post=9833"}],"version-history":[{"count":1,"href":"https:\/\/agora.xtec.cat\/ceip-canpuig\/wp-json\/wp\/v2\/posts\/9833\/revisions"}],"predecessor-version":[{"id":9835,"href":"https:\/\/agora.xtec.cat\/ceip-canpuig\/wp-json\/wp\/v2\/posts\/9833\/revisions\/9835"}],"wp:featuredmedia":[{"embeddable":true,"href":"https:\/\/agora.xtec.cat\/ceip-canpuig\/wp-json\/wp\/v2\/media\/9834"}],"wp:attachment":[{"href":"https:\/\/agora.xtec.cat\/ceip-canpuig\/wp-json\/wp\/v2\/media?parent=9833"}],"wp:term":[{"taxonomy":"category","embeddable":true,"href":"https:\/\/agora.xtec.cat\/ceip-canpuig\/wp-json\/wp\/v2\/categories?post=9833"},{"taxonomy":"post_tag","embeddable":true,"href":"https:\/\/agora.xtec.cat\/ceip-canpuig\/wp-json\/wp\/v2\/tags?post=9833"}],"curies":[{"name":"wp","href":"https:\/\/api.w.org\/{rel}","templated":true}]}}