{"id":9755,"date":"2018-05-18T09:43:44","date_gmt":"2018-05-18T07:43:44","guid":{"rendered":"http:\/\/agora.xtec.cat\/ceip-canpuig\/?p=9755"},"modified":"2018-05-18T09:43:44","modified_gmt":"2018-05-18T07:43:44","slug":"recorregut-per-les-pesqueres","status":"publish","type":"post","link":"https:\/\/agora.xtec.cat\/ceip-canpuig\/primaria\/recorregut-per-les-pesqueres\/","title":{"rendered":"RECORREGUT PER LES PESQUERES"},"content":{"rendered":"<p>El passat dimecres, 16 de maig, els nens i les nenes de 1r vam tornar anar a l\u2019Estany, aquesta vegada acompanyats de la Neus i l\u2019Esther, de l\u2019Escola de Natura, que ens van descobrir m\u00e9s secrets sobre les pesqueres. Vam poder entrar en algunes d\u2019elles, com la de Mata i la Gayol\u00e0,  i veure per primer cop la de Sant Agust\u00ed, que est\u00e0 mig amagada a dins del CNB.<\/p>\n<p><iframe loading=\"lazy\" src=\"https:\/\/player.vimeo.com\/video\/270601377\" width=\"640\" height=\"480\" frameborder=\"0\" webkitallowfullscreen mozallowfullscreen allowfullscreen><\/iframe><\/p>\n<p><a href=\"https:\/\/vimeo.com\/270601377\">SenseT&iacute;tol<\/a> from <a href=\"https:\/\/vimeo.com\/user78802151\">Escola Can Puig CI<\/a> on <a href=\"https:\/\/vimeo.com\">Vimeo<\/a>.<\/p>\n","protected":false},"excerpt":{"rendered":"<p>El passat dimecres, 16 de maig, els nens i les nenes de 1r vam tornar anar a l\u2019Estany, aquesta vegada acompanyats de la Neus i l\u2019Esther, de l\u2019Escola de Natura, que ens van descobrir m\u00e9s secrets sobre les pesqueres. Vam poder entrar en algunes d\u2019elles,&hellip;  <a href=\"https:\/\/agora.xtec.cat\/ceip-canpuig\/primaria\/recorregut-per-les-pesqueres\/\" title=\"Read RECORREGUT PER LES PESQUERES\">Llegeix m\u00e9s\u00bb<\/a><\/p>\n","protected":false},"author":1,"featured_media":9756,"comment_status":"open","ping_status":"closed","sticky":false,"template":"","format":"standard","meta":{"_bbp_topic_count":0,"_bbp_reply_count":0,"_bbp_total_topic_count":0,"_bbp_total_reply_count":0,"_bbp_voice_count":0,"_bbp_anonymous_reply_count":0,"_bbp_topic_count_hidden":0,"_bbp_reply_count_hidden":0,"_bbp_forum_subforum_count":0,"footnotes":""},"categories":[10,104,5],"tags":[],"class_list":["post-9755","post","type-post","status-publish","format-standard","has-post-thumbnail","hentry","category-1r","category-curs-2017-2018","category-primaria"],"post_mailing_queue_ids":[],"_links":{"self":[{"href":"https:\/\/agora.xtec.cat\/ceip-canpuig\/wp-json\/wp\/v2\/posts\/9755","targetHints":{"allow":["GET"]}}],"collection":[{"href":"https:\/\/agora.xtec.cat\/ceip-canpuig\/wp-json\/wp\/v2\/posts"}],"about":[{"href":"https:\/\/agora.xtec.cat\/ceip-canpuig\/wp-json\/wp\/v2\/types\/post"}],"author":[{"embeddable":true,"href":"https:\/\/agora.xtec.cat\/ceip-canpuig\/wp-json\/wp\/v2\/users\/1"}],"replies":[{"embeddable":true,"href":"https:\/\/agora.xtec.cat\/ceip-canpuig\/wp-json\/wp\/v2\/comments?post=9755"}],"version-history":[{"count":1,"href":"https:\/\/agora.xtec.cat\/ceip-canpuig\/wp-json\/wp\/v2\/posts\/9755\/revisions"}],"predecessor-version":[{"id":9757,"href":"https:\/\/agora.xtec.cat\/ceip-canpuig\/wp-json\/wp\/v2\/posts\/9755\/revisions\/9757"}],"wp:featuredmedia":[{"embeddable":true,"href":"https:\/\/agora.xtec.cat\/ceip-canpuig\/wp-json\/wp\/v2\/media\/9756"}],"wp:attachment":[{"href":"https:\/\/agora.xtec.cat\/ceip-canpuig\/wp-json\/wp\/v2\/media?parent=9755"}],"wp:term":[{"taxonomy":"category","embeddable":true,"href":"https:\/\/agora.xtec.cat\/ceip-canpuig\/wp-json\/wp\/v2\/categories?post=9755"},{"taxonomy":"post_tag","embeddable":true,"href":"https:\/\/agora.xtec.cat\/ceip-canpuig\/wp-json\/wp\/v2\/tags?post=9755"}],"curies":[{"name":"wp","href":"https:\/\/api.w.org\/{rel}","templated":true}]}}