{"id":9740,"date":"2018-05-16T16:29:26","date_gmt":"2018-05-16T14:29:26","guid":{"rendered":"http:\/\/agora.xtec.cat\/ceip-canpuig\/?p=9740"},"modified":"2018-05-16T16:43:56","modified_gmt":"2018-05-16T14:43:56","slug":"rodacontes-a-p4","status":"publish","type":"post","link":"https:\/\/agora.xtec.cat\/ceip-canpuig\/infantil\/rodacontes-a-p4\/","title":{"rendered":"RODACONTES A P4"},"content":{"rendered":"<p>EL DIA DE SANT JORDI ELS NENS I NENES DE P4 VAM CELEBRAR LA DIADA GAUDINT D&#8217;UN DIVERTIT I ENTRETINGUT RODACONTES GR\u00c0CIES A LA COL.LABORACI\u00d3 DE LES FAM\u00cdLIES. VA \u00c9SSER UN DIA BEN LITERARI, EMOTIU I MOLT ENTRANYABLE!!!<\/p>\n<p><iframe loading=\"lazy\" src=\"https:\/\/player.vimeo.com\/video\/270109274\" width=\"640\" height=\"480\" frameborder=\"0\" webkitallowfullscreen mozallowfullscreen allowfullscreen><\/iframe><\/p>\n<p><a href=\"https:\/\/vimeo.com\/270109274\">RODACONTESP42<\/a> from <a href=\"https:\/\/vimeo.com\/user59119768\">comissionovestecnologies<\/a> on <a href=\"https:\/\/vimeo.com\">Vimeo<\/a>.<\/p>\n","protected":false},"excerpt":{"rendered":"<p>EL DIA DE SANT JORDI ELS NENS I NENES DE P4 VAM CELEBRAR LA DIADA GAUDINT D&#8217;UN DIVERTIT I ENTRETINGUT RODACONTES GR\u00c0CIES A LA COL.LABORACI\u00d3 DE LES FAM\u00cdLIES. VA \u00c9SSER UN DIA BEN LITERARI, EMOTIU I MOLT ENTRANYABLE!!!<\/p>\n<p><a href=\"https:\/\/vimeo.com\/270109274\">RODACONTESP42<\/a> from <a href=\"https:\/\/vimeo.com\/user59119768\">comissionovestecnologies<\/a> on <a href=\"https:\/\/vimeo.com\">Vimeo<\/a>.<\/p>\n","protected":false},"author":1,"featured_media":9741,"comment_status":"closed","ping_status":"closed","sticky":false,"template":"","format":"standard","meta":{"_bbp_topic_count":0,"_bbp_reply_count":0,"_bbp_total_topic_count":0,"_bbp_total_reply_count":0,"_bbp_voice_count":0,"_bbp_anonymous_reply_count":0,"_bbp_topic_count_hidden":0,"_bbp_reply_count_hidden":0,"_bbp_forum_subforum_count":0,"footnotes":""},"categories":[104,2,8],"tags":[],"class_list":["post-9740","post","type-post","status-publish","format-standard","has-post-thumbnail","hentry","category-curs-2017-2018","category-infantil","category-p4"],"post_mailing_queue_ids":[],"_links":{"self":[{"href":"https:\/\/agora.xtec.cat\/ceip-canpuig\/wp-json\/wp\/v2\/posts\/9740","targetHints":{"allow":["GET"]}}],"collection":[{"href":"https:\/\/agora.xtec.cat\/ceip-canpuig\/wp-json\/wp\/v2\/posts"}],"about":[{"href":"https:\/\/agora.xtec.cat\/ceip-canpuig\/wp-json\/wp\/v2\/types\/post"}],"author":[{"embeddable":true,"href":"https:\/\/agora.xtec.cat\/ceip-canpuig\/wp-json\/wp\/v2\/users\/1"}],"replies":[{"embeddable":true,"href":"https:\/\/agora.xtec.cat\/ceip-canpuig\/wp-json\/wp\/v2\/comments?post=9740"}],"version-history":[{"count":3,"href":"https:\/\/agora.xtec.cat\/ceip-canpuig\/wp-json\/wp\/v2\/posts\/9740\/revisions"}],"predecessor-version":[{"id":9750,"href":"https:\/\/agora.xtec.cat\/ceip-canpuig\/wp-json\/wp\/v2\/posts\/9740\/revisions\/9750"}],"wp:featuredmedia":[{"embeddable":true,"href":"https:\/\/agora.xtec.cat\/ceip-canpuig\/wp-json\/wp\/v2\/media\/9741"}],"wp:attachment":[{"href":"https:\/\/agora.xtec.cat\/ceip-canpuig\/wp-json\/wp\/v2\/media?parent=9740"}],"wp:term":[{"taxonomy":"category","embeddable":true,"href":"https:\/\/agora.xtec.cat\/ceip-canpuig\/wp-json\/wp\/v2\/categories?post=9740"},{"taxonomy":"post_tag","embeddable":true,"href":"https:\/\/agora.xtec.cat\/ceip-canpuig\/wp-json\/wp\/v2\/tags?post=9740"}],"curies":[{"name":"wp","href":"https:\/\/api.w.org\/{rel}","templated":true}]}}