{"id":9715,"date":"2018-04-29T17:05:04","date_gmt":"2018-04-29T15:05:04","guid":{"rendered":"http:\/\/agora.xtec.cat\/ceip-canpuig\/?p=9715"},"modified":"2018-04-29T17:05:04","modified_gmt":"2018-04-29T15:05:04","slug":"23a-edicio-dels-jocs-florals","status":"publish","type":"post","link":"https:\/\/agora.xtec.cat\/ceip-canpuig\/general\/23a-edicio-dels-jocs-florals\/","title":{"rendered":"23\u00aa Edici\u00f3 dels JOCS FLORALS"},"content":{"rendered":"<p><strong>23\u00aa Edici\u00f3 dels jocs florals<\/strong><\/p>\n<p>Ja hem arribat a la 23\u00aa edici\u00f3 dels jocs florals de la nostra estimada escola. Com cada any, ho hem celebrat i ho volem compartir amb tots vosaltres.<\/p>\n<p>Tots els alumnes han participat activament d&#8217;aquest acte, els alumnes de P3 han fet la portada del llibret, els de P4 i P5 s&#8217;han inventat rodolins. Els m\u00e9s gran han fet poesies i relats molt bonics.<\/p>\n<p>Felicitem a tots els premiats i donem les gr\u00e0cies a tot l&#8217;alumnat per participar, al jurat per la seva feina, a la comissi\u00f3 de festes per la bona feina feta i tamb\u00e9 agra\u00efm la pres\u00e8ncia d&#8217;en <strong>Pere Marturi\u00e0<\/strong>, membre del jurat i professor jubilat de l&#8217;Institut Pere Alsius i a en <strong>Xavi Garcia<\/strong>, bibiliotecari de Banyoles i tamb\u00e9 membre del jurat.<\/p>\n<div style=\"padding:56.25% 0 0 0;position:relative;\"><iframe src=\"https:\/\/player.vimeo.com\/video\/267092909\" style=\"position:absolute;top:0;left:0;width:100%;height:100%;\" frameborder=\"0\" webkitallowfullscreen mozallowfullscreen allowfullscreen><\/iframe><\/div>\n<p><script src=\"https:\/\/player.vimeo.com\/api\/player.js\"><\/script><\/p>\n<p><a href=\"https:\/\/vimeo.com\/267092909\">JOCS FLORALS 2018<\/a> from <a href=\"https:\/\/vimeo.com\/user78802265\">Escola Can Puig CS<\/a> on <a href=\"https:\/\/vimeo.com\">Vimeo<\/a>.<\/p>\n","protected":false},"excerpt":{"rendered":"<p>23\u00aa Edici\u00f3 dels jocs florals<br \/>\nJa hem arribat a la 23\u00aa edici\u00f3 dels jocs florals de la nostra estimada escola. Com cada any, ho hem celebrat i ho volem compartir amb tots vosaltres.<br \/>\nTots els alumnes han participat activament d&#8217;aquest acte, els alumnes de P3 han fet&hellip;  <a href=\"https:\/\/agora.xtec.cat\/ceip-canpuig\/general\/23a-edicio-dels-jocs-florals\/\" title=\"Read 23\u00aa Edici\u00f3 dels JOCS FLORALS\">Llegeix m\u00e9s\u00bb<\/a><\/p>\n","protected":false},"author":1,"featured_media":9716,"comment_status":"closed","ping_status":"closed","sticky":false,"template":"","format":"standard","meta":{"_bbp_topic_count":0,"_bbp_reply_count":0,"_bbp_total_topic_count":0,"_bbp_total_reply_count":0,"_bbp_voice_count":0,"_bbp_anonymous_reply_count":0,"_bbp_topic_count_hidden":0,"_bbp_reply_count_hidden":0,"_bbp_forum_subforum_count":0,"footnotes":""},"categories":[104,1,4],"tags":[],"class_list":["post-9715","post","type-post","status-publish","format-standard","has-post-thumbnail","hentry","category-curs-2017-2018","category-general","category-portada"],"post_mailing_queue_ids":[],"_links":{"self":[{"href":"https:\/\/agora.xtec.cat\/ceip-canpuig\/wp-json\/wp\/v2\/posts\/9715","targetHints":{"allow":["GET"]}}],"collection":[{"href":"https:\/\/agora.xtec.cat\/ceip-canpuig\/wp-json\/wp\/v2\/posts"}],"about":[{"href":"https:\/\/agora.xtec.cat\/ceip-canpuig\/wp-json\/wp\/v2\/types\/post"}],"author":[{"embeddable":true,"href":"https:\/\/agora.xtec.cat\/ceip-canpuig\/wp-json\/wp\/v2\/users\/1"}],"replies":[{"embeddable":true,"href":"https:\/\/agora.xtec.cat\/ceip-canpuig\/wp-json\/wp\/v2\/comments?post=9715"}],"version-history":[{"count":1,"href":"https:\/\/agora.xtec.cat\/ceip-canpuig\/wp-json\/wp\/v2\/posts\/9715\/revisions"}],"predecessor-version":[{"id":9717,"href":"https:\/\/agora.xtec.cat\/ceip-canpuig\/wp-json\/wp\/v2\/posts\/9715\/revisions\/9717"}],"wp:featuredmedia":[{"embeddable":true,"href":"https:\/\/agora.xtec.cat\/ceip-canpuig\/wp-json\/wp\/v2\/media\/9716"}],"wp:attachment":[{"href":"https:\/\/agora.xtec.cat\/ceip-canpuig\/wp-json\/wp\/v2\/media?parent=9715"}],"wp:term":[{"taxonomy":"category","embeddable":true,"href":"https:\/\/agora.xtec.cat\/ceip-canpuig\/wp-json\/wp\/v2\/categories?post=9715"},{"taxonomy":"post_tag","embeddable":true,"href":"https:\/\/agora.xtec.cat\/ceip-canpuig\/wp-json\/wp\/v2\/tags?post=9715"}],"curies":[{"name":"wp","href":"https:\/\/api.w.org\/{rel}","templated":true}]}}