{"id":9712,"date":"2018-04-27T13:04:45","date_gmt":"2018-04-27T11:04:45","guid":{"rendered":"http:\/\/agora.xtec.cat\/ceip-canpuig\/?p=9712"},"modified":"2018-04-27T13:04:45","modified_gmt":"2018-04-27T11:04:45","slug":"experiencies-filosofiques","status":"publish","type":"post","link":"https:\/\/agora.xtec.cat\/ceip-canpuig\/primaria\/experiencies-filosofiques\/","title":{"rendered":"EXPERI\u00c8NCIES FILOS\u00d2FIQUES"},"content":{"rendered":"<p><strong>Experi\u00e8ncies filos\u00f2fiques<\/strong><\/p>\n<p>El passat divendres, 13 d\u2019abril, els alumnes de 4t v\u00e0rem anar a la Facultat de Lletres de la Universitat de Girona per tal d\u2019assistir al \u201cXXVIII Congreso Iberoamericano de Filosof\u00eda para ni\u00f1os\u201d. Vam passar un mat\u00ed molt entretingut i vam poder filosofar molt i molt!<\/p>\n<div style=\"padding:56.25% 0 0 0;position:relative;\"><iframe src=\"https:\/\/player.vimeo.com\/video\/266852196\" style=\"position:absolute;top:0;left:0;width:100%;height:100%;\" frameborder=\"0\" webkitallowfullscreen mozallowfullscreen allowfullscreen><\/iframe><\/div>\n<p><script src=\"https:\/\/player.vimeo.com\/api\/player.js\"><\/script><\/p>\n<p><a href=\"https:\/\/vimeo.com\/266852196\">Mi pel&iacute;cula<\/a> from <a href=\"https:\/\/vimeo.com\/user78802208\">Escola Can Puig CM<\/a> on <a href=\"https:\/\/vimeo.com\">Vimeo<\/a>.<\/p>\n","protected":false},"excerpt":{"rendered":"<p>Experi\u00e8ncies filos\u00f2fiques<br \/>\nEl passat divendres, 13 d\u2019abril, els alumnes de 4t v\u00e0rem anar a la Facultat de Lletres de la Universitat de Girona per tal d\u2019assistir al \u201cXXVIII Congreso Iberoamericano de Filosof\u00eda para ni\u00f1os\u201d. Vam passar un mat\u00ed molt entretingut i vam poder filosofar molt i&hellip;  <a href=\"https:\/\/agora.xtec.cat\/ceip-canpuig\/primaria\/experiencies-filosofiques\/\" title=\"Read EXPERI\u00c8NCIES FILOS\u00d2FIQUES\">Llegeix m\u00e9s\u00bb<\/a><\/p>\n","protected":false},"author":1,"featured_media":9714,"comment_status":"closed","ping_status":"closed","sticky":false,"template":"","format":"standard","meta":{"_bbp_topic_count":0,"_bbp_reply_count":0,"_bbp_total_topic_count":0,"_bbp_total_reply_count":0,"_bbp_voice_count":0,"_bbp_anonymous_reply_count":0,"_bbp_topic_count_hidden":0,"_bbp_reply_count_hidden":0,"_bbp_forum_subforum_count":0,"footnotes":""},"categories":[13,104,5],"tags":[],"class_list":["post-9712","post","type-post","status-publish","format-standard","has-post-thumbnail","hentry","category-4t","category-curs-2017-2018","category-primaria"],"post_mailing_queue_ids":[],"_links":{"self":[{"href":"https:\/\/agora.xtec.cat\/ceip-canpuig\/wp-json\/wp\/v2\/posts\/9712","targetHints":{"allow":["GET"]}}],"collection":[{"href":"https:\/\/agora.xtec.cat\/ceip-canpuig\/wp-json\/wp\/v2\/posts"}],"about":[{"href":"https:\/\/agora.xtec.cat\/ceip-canpuig\/wp-json\/wp\/v2\/types\/post"}],"author":[{"embeddable":true,"href":"https:\/\/agora.xtec.cat\/ceip-canpuig\/wp-json\/wp\/v2\/users\/1"}],"replies":[{"embeddable":true,"href":"https:\/\/agora.xtec.cat\/ceip-canpuig\/wp-json\/wp\/v2\/comments?post=9712"}],"version-history":[{"count":1,"href":"https:\/\/agora.xtec.cat\/ceip-canpuig\/wp-json\/wp\/v2\/posts\/9712\/revisions"}],"predecessor-version":[{"id":9713,"href":"https:\/\/agora.xtec.cat\/ceip-canpuig\/wp-json\/wp\/v2\/posts\/9712\/revisions\/9713"}],"wp:featuredmedia":[{"embeddable":true,"href":"https:\/\/agora.xtec.cat\/ceip-canpuig\/wp-json\/wp\/v2\/media\/9714"}],"wp:attachment":[{"href":"https:\/\/agora.xtec.cat\/ceip-canpuig\/wp-json\/wp\/v2\/media?parent=9712"}],"wp:term":[{"taxonomy":"category","embeddable":true,"href":"https:\/\/agora.xtec.cat\/ceip-canpuig\/wp-json\/wp\/v2\/categories?post=9712"},{"taxonomy":"post_tag","embeddable":true,"href":"https:\/\/agora.xtec.cat\/ceip-canpuig\/wp-json\/wp\/v2\/tags?post=9712"}],"curies":[{"name":"wp","href":"https:\/\/api.w.org\/{rel}","templated":true}]}}