{"id":9700,"date":"2018-04-25T23:39:32","date_gmt":"2018-04-25T21:39:32","guid":{"rendered":"http:\/\/agora.xtec.cat\/ceip-canpuig\/?p=9700"},"modified":"2018-04-26T14:26:50","modified_gmt":"2018-04-26T12:26:50","slug":"lestany-es-viu","status":"publish","type":"post","link":"https:\/\/agora.xtec.cat\/ceip-canpuig\/primaria\/lestany-es-viu\/","title":{"rendered":"L&#8217;Estany \u00e9s viu"},"content":{"rendered":"<p><strong>L&#8217;Estany \u00e9s viu<\/strong><\/p>\n<p>Amb l&#8217;alumnat de 4t hem anat a fer una sortida a l&#8217;entorn de l&#8217;Estany, l&#8217;Ester i la Maria, les monitores de l&#8217;escola de Natura ens han fet activitats molt xules.<br \/>\nPer fer-ho hem pujat al puig de Sant Martiri\u00e0, on ens havien preparat un joc de proves on hav\u00edem d&#8217;aprendre, des de les muntanyes que dibuixen el nostre paisatge fins a les restes romanes de l&#8217;antic convent que albergaven les rel\u00edquies del Sant. La vista desde el puig \u00e9s espectacular. Despr\u00e9s hem baixat fins al costat de l&#8217;Estany per observar les plantes i la vegetaci\u00f3 que envolta l&#8217;estany. A la tarda despr\u00e9s de dinar han tornat la Maria i la Mar a fer-nos m\u00e9s jocs. Ha estat una excursi\u00f3 molt i molt divertida!!!<\/p>\n<div style=\"padding:56.25% 0 0 0;position:relative;\"><iframe src=\"https:\/\/player.vimeo.com\/video\/266580376\" style=\"position:absolute;top:0;left:0;width:100%;height:100%;\" frameborder=\"0\" webkitallowfullscreen mozallowfullscreen allowfullscreen><\/iframe><\/div>\n<p><script src=\"https:\/\/player.vimeo.com\/api\/player.js\"><\/script><\/p>\n<p><a href=\"https:\/\/vimeo.com\/266580376\">L&#039;ESTANY &Eacute;S VIU 4t<\/a> from <a href=\"https:\/\/vimeo.com\/user78802265\">Escola Can Puig CS<\/a> on <a href=\"https:\/\/vimeo.com\">Vimeo<\/a>.<\/p>\n","protected":false},"excerpt":{"rendered":"<p>L&#8217;Estany \u00e9s viu<br \/>\nAmb l&#8217;alumnat de 4t hem anat a fer una sortida a l&#8217;entorn de l&#8217;Estany, l&#8217;Ester i la Maria, les monitores de l&#8217;escola de Natura ens han fet activitats molt xules.<br \/>\nPer fer-ho hem pujat al puig de Sant Martiri\u00e0, on ens havien preparat un&hellip;  <a href=\"https:\/\/agora.xtec.cat\/ceip-canpuig\/primaria\/lestany-es-viu\/\" title=\"Read L&#8217;Estany \u00e9s viu\">Llegeix m\u00e9s\u00bb<\/a><\/p>\n","protected":false},"author":1,"featured_media":9702,"comment_status":"closed","ping_status":"closed","sticky":false,"template":"","format":"standard","meta":{"_bbp_topic_count":0,"_bbp_reply_count":0,"_bbp_total_topic_count":0,"_bbp_total_reply_count":0,"_bbp_voice_count":0,"_bbp_anonymous_reply_count":0,"_bbp_topic_count_hidden":0,"_bbp_reply_count_hidden":0,"_bbp_forum_subforum_count":0,"footnotes":""},"categories":[13,104,5],"tags":[],"class_list":["post-9700","post","type-post","status-publish","format-standard","has-post-thumbnail","hentry","category-4t","category-curs-2017-2018","category-primaria"],"post_mailing_queue_ids":[],"_links":{"self":[{"href":"https:\/\/agora.xtec.cat\/ceip-canpuig\/wp-json\/wp\/v2\/posts\/9700","targetHints":{"allow":["GET"]}}],"collection":[{"href":"https:\/\/agora.xtec.cat\/ceip-canpuig\/wp-json\/wp\/v2\/posts"}],"about":[{"href":"https:\/\/agora.xtec.cat\/ceip-canpuig\/wp-json\/wp\/v2\/types\/post"}],"author":[{"embeddable":true,"href":"https:\/\/agora.xtec.cat\/ceip-canpuig\/wp-json\/wp\/v2\/users\/1"}],"replies":[{"embeddable":true,"href":"https:\/\/agora.xtec.cat\/ceip-canpuig\/wp-json\/wp\/v2\/comments?post=9700"}],"version-history":[{"count":3,"href":"https:\/\/agora.xtec.cat\/ceip-canpuig\/wp-json\/wp\/v2\/posts\/9700\/revisions"}],"predecessor-version":[{"id":9707,"href":"https:\/\/agora.xtec.cat\/ceip-canpuig\/wp-json\/wp\/v2\/posts\/9700\/revisions\/9707"}],"wp:featuredmedia":[{"embeddable":true,"href":"https:\/\/agora.xtec.cat\/ceip-canpuig\/wp-json\/wp\/v2\/media\/9702"}],"wp:attachment":[{"href":"https:\/\/agora.xtec.cat\/ceip-canpuig\/wp-json\/wp\/v2\/media?parent=9700"}],"wp:term":[{"taxonomy":"category","embeddable":true,"href":"https:\/\/agora.xtec.cat\/ceip-canpuig\/wp-json\/wp\/v2\/categories?post=9700"},{"taxonomy":"post_tag","embeddable":true,"href":"https:\/\/agora.xtec.cat\/ceip-canpuig\/wp-json\/wp\/v2\/tags?post=9700"}],"curies":[{"name":"wp","href":"https:\/\/api.w.org\/{rel}","templated":true}]}}