{"id":9697,"date":"2018-04-25T16:09:22","date_gmt":"2018-04-25T14:09:22","guid":{"rendered":"http:\/\/agora.xtec.cat\/ceip-canpuig\/?p=9697"},"modified":"2018-04-25T16:09:22","modified_gmt":"2018-04-25T14:09:22","slug":"p3-contes-per-sant-jordi","status":"publish","type":"post","link":"https:\/\/agora.xtec.cat\/ceip-canpuig\/infantil\/p3-contes-per-sant-jordi\/","title":{"rendered":"P3- CONTES PER SANT JORDI"},"content":{"rendered":"<p>AQUEST DILLUNS 23 D&#8217;ABRIL HEM CELEBRAT LA DIADA DE SANT JORDI A L&#8217;ESCOLA. A LES AULES DE P3 HAN VINGUT PARES, MARES I \u00c0VIES A EXPLICAR CONTES. QUE B\u00c9 QUE HO HAN FET! ENS HA AGRADAT MOLT! MOLTES GR\u00c0CIES A TOTS!!<\/p>\n<div style=\"padding:75% 0 0 0;position:relative;\"><iframe src=\"https:\/\/player.vimeo.com\/video\/266502053\" style=\"position:absolute;top:0;left:0;width:100%;height:100%;\" frameborder=\"0\" webkitallowfullscreen mozallowfullscreen allowfullscreen><\/iframe><\/div>\n<p><script src=\"https:\/\/player.vimeo.com\/api\/player.js\"><\/script><\/p>\n<p><a href=\"https:\/\/vimeo.com\/266502053\">P3contes santjordi<\/a> from <a href=\"https:\/\/vimeo.com\/user59119768\">comissionovestecnologies<\/a> on <a href=\"https:\/\/vimeo.com\">Vimeo<\/a>.<\/p>\n","protected":false},"excerpt":{"rendered":"<p>AQUEST DILLUNS 23 D&#8217;ABRIL HEM CELEBRAT LA DIADA DE SANT JORDI A L&#8217;ESCOLA. A LES AULES DE P3 HAN VINGUT PARES, MARES I \u00c0VIES A EXPLICAR CONTES. QUE B\u00c9 QUE HO HAN FET! ENS HA AGRADAT MOLT! MOLTES GR\u00c0CIES A TOTS!!<\/p>\n<p><a href=\"https:\/\/vimeo.com\/266502053\">P3contes santjordi<\/a> from <a&hellip;  <a href=\"https:\/\/agora.xtec.cat\/ceip-canpuig\/infantil\/p3-contes-per-sant-jordi\/\" title=\"Read P3- CONTES PER SANT JORDI\">Llegeix m\u00e9s\u00bb<\/a><\/p>\n","protected":false},"author":1,"featured_media":9698,"comment_status":"closed","ping_status":"closed","sticky":false,"template":"","format":"standard","meta":{"_bbp_topic_count":0,"_bbp_reply_count":0,"_bbp_total_topic_count":0,"_bbp_total_reply_count":0,"_bbp_voice_count":0,"_bbp_anonymous_reply_count":0,"_bbp_topic_count_hidden":0,"_bbp_reply_count_hidden":0,"_bbp_forum_subforum_count":0,"footnotes":""},"categories":[104,2,3],"tags":[],"class_list":["post-9697","post","type-post","status-publish","format-standard","has-post-thumbnail","hentry","category-curs-2017-2018","category-infantil","category-p3"],"post_mailing_queue_ids":[],"_links":{"self":[{"href":"https:\/\/agora.xtec.cat\/ceip-canpuig\/wp-json\/wp\/v2\/posts\/9697","targetHints":{"allow":["GET"]}}],"collection":[{"href":"https:\/\/agora.xtec.cat\/ceip-canpuig\/wp-json\/wp\/v2\/posts"}],"about":[{"href":"https:\/\/agora.xtec.cat\/ceip-canpuig\/wp-json\/wp\/v2\/types\/post"}],"author":[{"embeddable":true,"href":"https:\/\/agora.xtec.cat\/ceip-canpuig\/wp-json\/wp\/v2\/users\/1"}],"replies":[{"embeddable":true,"href":"https:\/\/agora.xtec.cat\/ceip-canpuig\/wp-json\/wp\/v2\/comments?post=9697"}],"version-history":[{"count":1,"href":"https:\/\/agora.xtec.cat\/ceip-canpuig\/wp-json\/wp\/v2\/posts\/9697\/revisions"}],"predecessor-version":[{"id":9699,"href":"https:\/\/agora.xtec.cat\/ceip-canpuig\/wp-json\/wp\/v2\/posts\/9697\/revisions\/9699"}],"wp:featuredmedia":[{"embeddable":true,"href":"https:\/\/agora.xtec.cat\/ceip-canpuig\/wp-json\/wp\/v2\/media\/9698"}],"wp:attachment":[{"href":"https:\/\/agora.xtec.cat\/ceip-canpuig\/wp-json\/wp\/v2\/media?parent=9697"}],"wp:term":[{"taxonomy":"category","embeddable":true,"href":"https:\/\/agora.xtec.cat\/ceip-canpuig\/wp-json\/wp\/v2\/categories?post=9697"},{"taxonomy":"post_tag","embeddable":true,"href":"https:\/\/agora.xtec.cat\/ceip-canpuig\/wp-json\/wp\/v2\/tags?post=9697"}],"curies":[{"name":"wp","href":"https:\/\/api.w.org\/{rel}","templated":true}]}}