{"id":9687,"date":"2018-04-22T19:57:15","date_gmt":"2018-04-22T17:57:15","guid":{"rendered":"http:\/\/agora.xtec.cat\/ceip-canpuig\/?p=9687"},"modified":"2018-04-22T20:01:26","modified_gmt":"2018-04-22T18:01:26","slug":"projecte-del-barri","status":"publish","type":"post","link":"https:\/\/agora.xtec.cat\/ceip-canpuig\/infantil\/projecte-del-barri\/","title":{"rendered":"PROJECTE DEL BARRI"},"content":{"rendered":"<p>PROJECTE DEL BARRI: LA CASA<\/p>\n<p>Els nens i nenes de P5 hem tingut la sort de rebre la visita d&#8217;en Marc Riera, el papa d&#8217;en Jan, que \u00e9s arquitecte i ens va preparar una activitat molt enriquidora per a tots nosaltres. Ens va portar un pl\u00e0nol d&#8217;una casa enorme, la distribuci\u00f3 feta per ell mateix, i nosaltres vam omplir les habitacions, la cuina, el menjador, els banys, el garatge, el jard\u00ed i fins tot vam construir una carretera que passava a prop de la nostra casa. <\/p>\n<p>Estem molt contents i contentes d&#8217;haver pogut gaudir d&#8217;aquesta activitat tant xula!<\/p>\n<p>Moltes gr\u00e0cies Marc!!!<br \/>\n<iframe loading=\"lazy\" src=\"https:\/\/player.vimeo.com\/video\/265992814\" width=\"640\" height=\"360\" frameborder=\"0\" webkitallowfullscreen mozallowfullscreen allowfullscreen><\/iframe><\/p>\n<p><a href=\"https:\/\/vimeo.com\/265992814\">Projecte P5 EL BARRI<\/a> from <a href=\"https:\/\/vimeo.com\/user59119768\">comissionovestecnologies<\/a> on <a href=\"https:\/\/vimeo.com\">Vimeo<\/a>.<\/p>\n","protected":false},"excerpt":{"rendered":"<p>PROJECTE DEL BARRI: LA CASA<br \/>\nEls nens i nenes de P5 hem tingut la sort de rebre la visita d&#8217;en Marc Riera, el papa d&#8217;en Jan, que \u00e9s arquitecte i ens va preparar una activitat molt enriquidora per a tots nosaltres. Ens va portar un pl\u00e0nol&hellip;  <a href=\"https:\/\/agora.xtec.cat\/ceip-canpuig\/infantil\/projecte-del-barri\/\" title=\"Read PROJECTE DEL BARRI\">Llegeix m\u00e9s\u00bb<\/a><\/p>\n","protected":false},"author":1,"featured_media":9689,"comment_status":"closed","ping_status":"closed","sticky":false,"template":"","format":"standard","meta":{"_bbp_topic_count":0,"_bbp_reply_count":0,"_bbp_total_topic_count":0,"_bbp_total_reply_count":0,"_bbp_voice_count":0,"_bbp_anonymous_reply_count":0,"_bbp_topic_count_hidden":0,"_bbp_reply_count_hidden":0,"_bbp_forum_subforum_count":0,"footnotes":""},"categories":[104,2,9],"tags":[],"class_list":["post-9687","post","type-post","status-publish","format-standard","has-post-thumbnail","hentry","category-curs-2017-2018","category-infantil","category-p5"],"post_mailing_queue_ids":[],"_links":{"self":[{"href":"https:\/\/agora.xtec.cat\/ceip-canpuig\/wp-json\/wp\/v2\/posts\/9687","targetHints":{"allow":["GET"]}}],"collection":[{"href":"https:\/\/agora.xtec.cat\/ceip-canpuig\/wp-json\/wp\/v2\/posts"}],"about":[{"href":"https:\/\/agora.xtec.cat\/ceip-canpuig\/wp-json\/wp\/v2\/types\/post"}],"author":[{"embeddable":true,"href":"https:\/\/agora.xtec.cat\/ceip-canpuig\/wp-json\/wp\/v2\/users\/1"}],"replies":[{"embeddable":true,"href":"https:\/\/agora.xtec.cat\/ceip-canpuig\/wp-json\/wp\/v2\/comments?post=9687"}],"version-history":[{"count":2,"href":"https:\/\/agora.xtec.cat\/ceip-canpuig\/wp-json\/wp\/v2\/posts\/9687\/revisions"}],"predecessor-version":[{"id":9690,"href":"https:\/\/agora.xtec.cat\/ceip-canpuig\/wp-json\/wp\/v2\/posts\/9687\/revisions\/9690"}],"wp:featuredmedia":[{"embeddable":true,"href":"https:\/\/agora.xtec.cat\/ceip-canpuig\/wp-json\/wp\/v2\/media\/9689"}],"wp:attachment":[{"href":"https:\/\/agora.xtec.cat\/ceip-canpuig\/wp-json\/wp\/v2\/media?parent=9687"}],"wp:term":[{"taxonomy":"category","embeddable":true,"href":"https:\/\/agora.xtec.cat\/ceip-canpuig\/wp-json\/wp\/v2\/categories?post=9687"},{"taxonomy":"post_tag","embeddable":true,"href":"https:\/\/agora.xtec.cat\/ceip-canpuig\/wp-json\/wp\/v2\/tags?post=9687"}],"curies":[{"name":"wp","href":"https:\/\/api.w.org\/{rel}","templated":true}]}}