{"id":9663,"date":"2018-04-17T14:53:19","date_gmt":"2018-04-17T12:53:19","guid":{"rendered":"http:\/\/agora.xtec.cat\/ceip-canpuig\/?p=9663"},"modified":"2018-04-18T08:49:56","modified_gmt":"2018-04-18T06:49:56","slug":"fem-matematiques-2018","status":"publish","type":"post","link":"https:\/\/agora.xtec.cat\/ceip-canpuig\/general\/fem-matematiques-2018\/","title":{"rendered":"FEM MATEM\u00c0TIQUES 2018"},"content":{"rendered":"<p>El dissabte 14 d&#8217;abril, a la Bisbal, va tenir lloc la 2a fase de la jornada matem\u00e0tica &#8220;Fem Mates&#8221;.<br \/>\nQuatre alumnes de 6\u00e8 de la nostra escola hi van participar. Van fer una prova individual i una de grup. El mat\u00ed va \u00e9sser molt entretingut i la pluja no el va deslluir.<br \/>\nDos alumnes, la Cl\u00e0udia i en Guillem, han estat seleccionats per participar a la 3a fase que tindr\u00e0 lloc el dissabte 5 de maig a Lleida.<br \/>\nMoltes felicitats a tots els alumnes que hi han participat!<br \/>\n<img loading=\"lazy\" decoding=\"async\" class=\"aligncenter size-full wp-image-9665\" src=\"http:\/\/agora.xtec.cat\/ceip-canpuig\/wp-content\/uploads\/usu1039\/2018\/04\/FemMates20.jpg\" alt=\"\" width=\"1600\" height=\"960\" srcset=\"https:\/\/agora.xtec.cat\/ceip-canpuig\/wp-content\/uploads\/usu1039\/2018\/04\/FemMates20.jpg 1600w, https:\/\/agora.xtec.cat\/ceip-canpuig\/wp-content\/uploads\/usu1039\/2018\/04\/FemMates20-300x180.jpg 300w, https:\/\/agora.xtec.cat\/ceip-canpuig\/wp-content\/uploads\/usu1039\/2018\/04\/FemMates20-768x461.jpg 768w, https:\/\/agora.xtec.cat\/ceip-canpuig\/wp-content\/uploads\/usu1039\/2018\/04\/FemMates20-1024x614.jpg 1024w\" sizes=\"auto, (max-width: 1600px) 100vw, 1600px\" \/><\/p>\n<p><iframe loading=\"lazy\" src=\"https:\/\/player.vimeo.com\/video\/265328346\" width=\"640\" height=\"480\" frameborder=\"0\" webkitallowfullscreen mozallowfullscreen allowfullscreen><\/iframe><\/p>\n<p><a href=\"https:\/\/vimeo.com\/265328346\">Fem mates 1<\/a> from <a href=\"https:\/\/vimeo.com\/user59119768\">comissionovestecnologies<\/a> on <a href=\"https:\/\/vimeo.com\">Vimeo<\/a>.<\/p>\n","protected":false},"excerpt":{"rendered":"<p>El dissabte 14 d&#8217;abril, a la Bisbal, va tenir lloc la 2a fase de la jornada matem\u00e0tica &#8220;Fem Mates&#8221;.<br \/>\nQuatre alumnes de 6\u00e8 de la nostra escola hi van participar. Van fer una prova individual i una de grup. El mat\u00ed va \u00e9sser molt entretingut i&hellip;  <a href=\"https:\/\/agora.xtec.cat\/ceip-canpuig\/general\/fem-matematiques-2018\/\" title=\"Read FEM MATEM\u00c0TIQUES 2018\">Llegeix m\u00e9s\u00bb<\/a><\/p>\n","protected":false},"author":1,"featured_media":9665,"comment_status":"closed","ping_status":"closed","sticky":false,"template":"","format":"standard","meta":{"_bbp_topic_count":0,"_bbp_reply_count":0,"_bbp_total_topic_count":0,"_bbp_total_reply_count":0,"_bbp_voice_count":0,"_bbp_anonymous_reply_count":0,"_bbp_topic_count_hidden":0,"_bbp_reply_count_hidden":0,"_bbp_forum_subforum_count":0,"footnotes":""},"categories":[15,104,1,4,5],"tags":[],"class_list":["post-9663","post","type-post","status-publish","format-standard","has-post-thumbnail","hentry","category-6e","category-curs-2017-2018","category-general","category-portada","category-primaria"],"post_mailing_queue_ids":[],"_links":{"self":[{"href":"https:\/\/agora.xtec.cat\/ceip-canpuig\/wp-json\/wp\/v2\/posts\/9663","targetHints":{"allow":["GET"]}}],"collection":[{"href":"https:\/\/agora.xtec.cat\/ceip-canpuig\/wp-json\/wp\/v2\/posts"}],"about":[{"href":"https:\/\/agora.xtec.cat\/ceip-canpuig\/wp-json\/wp\/v2\/types\/post"}],"author":[{"embeddable":true,"href":"https:\/\/agora.xtec.cat\/ceip-canpuig\/wp-json\/wp\/v2\/users\/1"}],"replies":[{"embeddable":true,"href":"https:\/\/agora.xtec.cat\/ceip-canpuig\/wp-json\/wp\/v2\/comments?post=9663"}],"version-history":[{"count":4,"href":"https:\/\/agora.xtec.cat\/ceip-canpuig\/wp-json\/wp\/v2\/posts\/9663\/revisions"}],"predecessor-version":[{"id":9682,"href":"https:\/\/agora.xtec.cat\/ceip-canpuig\/wp-json\/wp\/v2\/posts\/9663\/revisions\/9682"}],"wp:featuredmedia":[{"embeddable":true,"href":"https:\/\/agora.xtec.cat\/ceip-canpuig\/wp-json\/wp\/v2\/media\/9665"}],"wp:attachment":[{"href":"https:\/\/agora.xtec.cat\/ceip-canpuig\/wp-json\/wp\/v2\/media?parent=9663"}],"wp:term":[{"taxonomy":"category","embeddable":true,"href":"https:\/\/agora.xtec.cat\/ceip-canpuig\/wp-json\/wp\/v2\/categories?post=9663"},{"taxonomy":"post_tag","embeddable":true,"href":"https:\/\/agora.xtec.cat\/ceip-canpuig\/wp-json\/wp\/v2\/tags?post=9663"}],"curies":[{"name":"wp","href":"https:\/\/api.w.org\/{rel}","templated":true}]}}