{"id":9659,"date":"2018-04-13T13:41:12","date_gmt":"2018-04-13T11:41:12","guid":{"rendered":"http:\/\/agora.xtec.cat\/ceip-canpuig\/?p=9659"},"modified":"2018-04-13T13:44:21","modified_gmt":"2018-04-13T11:44:21","slug":"preinscripcions-curs-2018-2019","status":"publish","type":"post","link":"https:\/\/agora.xtec.cat\/ceip-canpuig\/general\/preinscripcions-curs-2018-2019\/","title":{"rendered":"PREINSCRIPCIONS CURS 2018-2019"},"content":{"rendered":"<p>L&#8217;horari per formalitzar les preinscripcions a l&#8217;escola \u00e9s el seg\u00fcent:<\/p>\n<p>&#8211; CADA DIA DE 9h a 13h i de 15h a 17h<\/p>\n<p>Cal portar:<br \/>\n&#8211; Original i fotoc\u00f2pia del llibre de fam\u00edlia (p\u00e0gina nen\/a)<br \/>\n&#8211; Original i fotoc\u00f2pia del DNI\/NIE\/Passaport dels pares i de l&#8217;alumne si en t\u00e9.<br \/>\n&#8211; Original i fotoc\u00f2pia de la Targeta Sanit\u00e0ria<br \/>\n&#8211; Original i fotoc\u00f2pia del carnet de vacunes<br \/>\n&#8211; 4 fotos mida carnet<br \/>\n<img loading=\"lazy\" decoding=\"async\" src=\"http:\/\/agora.xtec.cat\/ceip-canpuig\/wp-content\/uploads\/usu1039\/2018\/04\/20160323_escolar.jpg_2107655283.jpg\" alt=\"\" width=\"751\" height=\"562\" class=\"aligncenter size-full wp-image-9660\" srcset=\"https:\/\/agora.xtec.cat\/ceip-canpuig\/wp-content\/uploads\/usu1039\/2018\/04\/20160323_escolar.jpg_2107655283.jpg 751w, https:\/\/agora.xtec.cat\/ceip-canpuig\/wp-content\/uploads\/usu1039\/2018\/04\/20160323_escolar.jpg_2107655283-300x225.jpg 300w, https:\/\/agora.xtec.cat\/ceip-canpuig\/wp-content\/uploads\/usu1039\/2018\/04\/20160323_escolar.jpg_2107655283-200x150.jpg 200w\" sizes=\"auto, (max-width: 751px) 100vw, 751px\" \/><\/p>\n","protected":false},"excerpt":{"rendered":"<p>L&#8217;horari per formalitzar les preinscripcions a l&#8217;escola \u00e9s el seg\u00fcent:<br \/>\n&#8211; CADA DIA DE 9h a 13h i de 15h a 17h<br \/>\nCal portar:<br \/>\n&#8211; Original i fotoc\u00f2pia del llibre de fam\u00edlia (p\u00e0gina nen\/a)<br \/>\n&#8211; Original i fotoc\u00f2pia del DNI\/NIE\/Passaport dels pares i de l&#8217;alumne si en t\u00e9.<br \/>\n&#8211; Original&hellip;  <a href=\"https:\/\/agora.xtec.cat\/ceip-canpuig\/general\/preinscripcions-curs-2018-2019\/\" title=\"Read PREINSCRIPCIONS CURS 2018-2019\">Llegeix m\u00e9s\u00bb<\/a><\/p>\n","protected":false},"author":1,"featured_media":9660,"comment_status":"open","ping_status":"closed","sticky":false,"template":"","format":"standard","meta":{"_bbp_topic_count":0,"_bbp_reply_count":0,"_bbp_total_topic_count":0,"_bbp_total_reply_count":0,"_bbp_voice_count":0,"_bbp_anonymous_reply_count":0,"_bbp_topic_count_hidden":0,"_bbp_reply_count_hidden":0,"_bbp_forum_subforum_count":0,"footnotes":""},"categories":[1,4],"tags":[],"class_list":["post-9659","post","type-post","status-publish","format-standard","has-post-thumbnail","hentry","category-general","category-portada"],"post_mailing_queue_ids":[],"_links":{"self":[{"href":"https:\/\/agora.xtec.cat\/ceip-canpuig\/wp-json\/wp\/v2\/posts\/9659","targetHints":{"allow":["GET"]}}],"collection":[{"href":"https:\/\/agora.xtec.cat\/ceip-canpuig\/wp-json\/wp\/v2\/posts"}],"about":[{"href":"https:\/\/agora.xtec.cat\/ceip-canpuig\/wp-json\/wp\/v2\/types\/post"}],"author":[{"embeddable":true,"href":"https:\/\/agora.xtec.cat\/ceip-canpuig\/wp-json\/wp\/v2\/users\/1"}],"replies":[{"embeddable":true,"href":"https:\/\/agora.xtec.cat\/ceip-canpuig\/wp-json\/wp\/v2\/comments?post=9659"}],"version-history":[{"count":2,"href":"https:\/\/agora.xtec.cat\/ceip-canpuig\/wp-json\/wp\/v2\/posts\/9659\/revisions"}],"predecessor-version":[{"id":9662,"href":"https:\/\/agora.xtec.cat\/ceip-canpuig\/wp-json\/wp\/v2\/posts\/9659\/revisions\/9662"}],"wp:featuredmedia":[{"embeddable":true,"href":"https:\/\/agora.xtec.cat\/ceip-canpuig\/wp-json\/wp\/v2\/media\/9660"}],"wp:attachment":[{"href":"https:\/\/agora.xtec.cat\/ceip-canpuig\/wp-json\/wp\/v2\/media?parent=9659"}],"wp:term":[{"taxonomy":"category","embeddable":true,"href":"https:\/\/agora.xtec.cat\/ceip-canpuig\/wp-json\/wp\/v2\/categories?post=9659"},{"taxonomy":"post_tag","embeddable":true,"href":"https:\/\/agora.xtec.cat\/ceip-canpuig\/wp-json\/wp\/v2\/tags?post=9659"}],"curies":[{"name":"wp","href":"https:\/\/api.w.org\/{rel}","templated":true}]}}