{"id":9524,"date":"2018-03-20T16:42:30","date_gmt":"2018-03-20T15:42:30","guid":{"rendered":"http:\/\/agora.xtec.cat\/ceip-canpuig\/?p=9524"},"modified":"2018-03-20T16:42:30","modified_gmt":"2018-03-20T15:42:30","slug":"teatro-el-pirata-malapata","status":"publish","type":"post","link":"https:\/\/agora.xtec.cat\/ceip-canpuig\/primaria\/teatro-el-pirata-malapata\/","title":{"rendered":"TEATRO: EL PIRATA MALAPATA"},"content":{"rendered":"<p>A les hores de castell\u00e0, els nens i nenes de segon s&#8217;han inventat la descripci\u00f3 del pirata Malapata. A partir d&#8217;aquest personatge, tamb\u00e9 s&#8217;han inventat un conte que avui al mat\u00ed hem representat. Ho han fet molt b\u00e9, voleu veure&#8217;ls actuar?<\/p>\n<p>Aqu\u00ed teniu els v\u00eddeos: <\/p>\n<p><iframe loading=\"lazy\" src=\"https:\/\/player.vimeo.com\/video\/260949677\" width=\"640\" height=\"360\" frameborder=\"0\" webkitallowfullscreen mozallowfullscreen allowfullscreen><\/iframe><\/p>\n<p><a href=\"https:\/\/vimeo.com\/260949677\">VID_20180320_120621<\/a> from <a href=\"https:\/\/vimeo.com\/user78802151\">Escola Can Puig CI<\/a> on <a href=\"https:\/\/vimeo.com\">Vimeo<\/a>.<\/p>\n<p><iframe loading=\"lazy\" src=\"https:\/\/player.vimeo.com\/video\/260950147\" width=\"640\" height=\"360\" frameborder=\"0\" webkitallowfullscreen mozallowfullscreen allowfullscreen><\/iframe><\/p>\n<p><a href=\"https:\/\/vimeo.com\/260950147\">VID_20180320_121009<\/a> from <a href=\"https:\/\/vimeo.com\/user78802151\">Escola Can Puig CI<\/a> on <a href=\"https:\/\/vimeo.com\">Vimeo<\/a>.<\/p>\n<p><iframe loading=\"lazy\" src=\"https:\/\/player.vimeo.com\/video\/260951195\" width=\"640\" height=\"360\" frameborder=\"0\" webkitallowfullscreen mozallowfullscreen allowfullscreen><\/iframe><\/p>\n<p><a href=\"https:\/\/vimeo.com\/260951195\">VID_20180320_121257<\/a> from <a href=\"https:\/\/vimeo.com\/user59119768\">comissionovestecnologies<\/a> on <a href=\"https:\/\/vimeo.com\">Vimeo<\/a>.<\/p>\n<p><iframe loading=\"lazy\" src=\"https:\/\/player.vimeo.com\/video\/260951244\" width=\"640\" height=\"360\" frameborder=\"0\" webkitallowfullscreen mozallowfullscreen allowfullscreen><\/iframe><\/p>\n<p><a href=\"https:\/\/vimeo.com\/260951244\">VID_20180320_121539<\/a> from <a href=\"https:\/\/vimeo.com\/user78802208\">Escola Can Puig CM<\/a> on <a href=\"https:\/\/vimeo.com\">Vimeo<\/a>.<\/p>\n<p><iframe loading=\"lazy\" src=\"https:\/\/player.vimeo.com\/video\/260954385\" width=\"640\" height=\"360\" frameborder=\"0\" webkitallowfullscreen mozallowfullscreen allowfullscreen><\/iframe><\/p>\n<p><a href=\"https:\/\/vimeo.com\/260954385\">VID_20180320_122401<\/a> from <a href=\"https:\/\/vimeo.com\/user78802208\">Escola Can Puig CM<\/a> on <a href=\"https:\/\/vimeo.com\">Vimeo<\/a>.<\/p>\n<p><iframe loading=\"lazy\" src=\"https:\/\/player.vimeo.com\/video\/260954368\" width=\"640\" height=\"360\" frameborder=\"0\" webkitallowfullscreen mozallowfullscreen allowfullscreen><\/iframe><\/p>\n<p><a href=\"https:\/\/vimeo.com\/260954368\">VID_20180320_122026<\/a> from <a href=\"https:\/\/vimeo.com\/user59119768\">comissionovestecnologies<\/a> on <a href=\"https:\/\/vimeo.com\">Vimeo<\/a>.<\/p>\n","protected":false},"excerpt":{"rendered":"<p>A les hores de castell\u00e0, els nens i nenes de segon s&#8217;han inventat la descripci\u00f3 del pirata Malapata. A partir d&#8217;aquest personatge, tamb\u00e9 s&#8217;han inventat un conte que avui al mat\u00ed hem representat. Ho han fet molt b\u00e9, voleu veure&#8217;ls actuar?<br \/>\nAqu\u00ed teniu els v\u00eddeos: <\/p>\n<p><a&hellip;  <a href=\"https:\/\/agora.xtec.cat\/ceip-canpuig\/primaria\/teatro-el-pirata-malapata\/\" title=\"Read TEATRO: EL PIRATA MALAPATA\">Llegeix m\u00e9s\u00bb<\/a><\/p>\n","protected":false},"author":1,"featured_media":9525,"comment_status":"closed","ping_status":"closed","sticky":false,"template":"","format":"standard","meta":{"_bbp_topic_count":0,"_bbp_reply_count":0,"_bbp_total_topic_count":0,"_bbp_total_reply_count":0,"_bbp_voice_count":0,"_bbp_anonymous_reply_count":0,"_bbp_topic_count_hidden":0,"_bbp_reply_count_hidden":0,"_bbp_forum_subforum_count":0,"footnotes":""},"categories":[11,104,5],"tags":[],"class_list":["post-9524","post","type-post","status-publish","format-standard","has-post-thumbnail","hentry","category-2n","category-curs-2017-2018","category-primaria"],"post_mailing_queue_ids":[],"_links":{"self":[{"href":"https:\/\/agora.xtec.cat\/ceip-canpuig\/wp-json\/wp\/v2\/posts\/9524","targetHints":{"allow":["GET"]}}],"collection":[{"href":"https:\/\/agora.xtec.cat\/ceip-canpuig\/wp-json\/wp\/v2\/posts"}],"about":[{"href":"https:\/\/agora.xtec.cat\/ceip-canpuig\/wp-json\/wp\/v2\/types\/post"}],"author":[{"embeddable":true,"href":"https:\/\/agora.xtec.cat\/ceip-canpuig\/wp-json\/wp\/v2\/users\/1"}],"replies":[{"embeddable":true,"href":"https:\/\/agora.xtec.cat\/ceip-canpuig\/wp-json\/wp\/v2\/comments?post=9524"}],"version-history":[{"count":1,"href":"https:\/\/agora.xtec.cat\/ceip-canpuig\/wp-json\/wp\/v2\/posts\/9524\/revisions"}],"predecessor-version":[{"id":9526,"href":"https:\/\/agora.xtec.cat\/ceip-canpuig\/wp-json\/wp\/v2\/posts\/9524\/revisions\/9526"}],"wp:featuredmedia":[{"embeddable":true,"href":"https:\/\/agora.xtec.cat\/ceip-canpuig\/wp-json\/wp\/v2\/media\/9525"}],"wp:attachment":[{"href":"https:\/\/agora.xtec.cat\/ceip-canpuig\/wp-json\/wp\/v2\/media?parent=9524"}],"wp:term":[{"taxonomy":"category","embeddable":true,"href":"https:\/\/agora.xtec.cat\/ceip-canpuig\/wp-json\/wp\/v2\/categories?post=9524"},{"taxonomy":"post_tag","embeddable":true,"href":"https:\/\/agora.xtec.cat\/ceip-canpuig\/wp-json\/wp\/v2\/tags?post=9524"}],"curies":[{"name":"wp","href":"https:\/\/api.w.org\/{rel}","templated":true}]}}