{"id":9498,"date":"2018-03-13T17:54:59","date_gmt":"2018-03-13T16:54:59","guid":{"rendered":"http:\/\/agora.xtec.cat\/ceip-canpuig\/?p=9498"},"modified":"2018-03-23T15:51:03","modified_gmt":"2018-03-23T14:51:03","slug":"banyoles-ets-tu","status":"publish","type":"post","link":"https:\/\/agora.xtec.cat\/ceip-canpuig\/general\/banyoles-ets-tu\/","title":{"rendered":"BANYOLES ETS TU"},"content":{"rendered":"<p>Els nens i nenes de cinqu\u00e8 participem en el projecte Banyoles Ets tu! Consisteix en trobar solucions a problemes que veiem a la nostra ciutat. Aquest projecte el treballem cooperativament.<br \/>\nEl dia 14 de febrer vam organitzar una taula d&#8217;experts amb l&#8217;objectiu que ens ajudessin a fer cr\u00e9ixer els projectes que hav\u00edem pensat. Van participar-hi: l&#8217;Albert Cabarroques, el nostre conserge; la Carme Gubert, de Banyoles Solid\u00e0ria; la Cristina Torres de TeamProductions; l&#8217;Albert Tubert, regidor d&#8217;Urbanisme,; en Jordi Bosch, regidor de medi ambient, cultura, patrimoni cultural i festes; en Mario Vives, de Fang Aventura; la Rosa P\u00e8lachs, de Parks 3000; la Judit i la Raquel , del Centre Excursionista i la Consol Duran de l&#8217;Institut Josep Brugulat.<br \/>\nDespr\u00e9s de les seves aportacions, hem modificat una mica els nostres projectes. Gr\u00e0cies a tots ells!<br \/>\nUs deixem unes imatges i un video.<\/p>\n<p><iframe loading=\"lazy\" src=\"https:\/\/player.vimeo.com\/video\/259903161\" width=\"640\" height=\"480\" frameborder=\"0\" webkitallowfullscreen mozallowfullscreen allowfullscreen><\/iframe><\/p>\n<p><a href=\"https:\/\/vimeo.com\/259903161\">Banyoles ets tu1<\/a> from <a href=\"https:\/\/vimeo.com\/user59119768\">comissionovestecnologies<\/a> on <a href=\"https:\/\/vimeo.com\">Vimeo<\/a>.<\/p>\n<p><iframe loading=\"lazy\" title=\"Banyoles ets tu! Escoles de Can Puig i la Draga\" width=\"500\" height=\"281\" src=\"https:\/\/www.youtube.com\/embed\/WE9m9j7aUpc?feature=oembed\" frameborder=\"0\" allow=\"accelerometer; autoplay; clipboard-write; encrypted-media; gyroscope; picture-in-picture; web-share\" referrerpolicy=\"strict-origin-when-cross-origin\" allowfullscreen><\/iframe><\/p>\n","protected":false},"excerpt":{"rendered":"<p>Els nens i nenes de cinqu\u00e8 participem en el projecte Banyoles Ets tu! Consisteix en trobar solucions a problemes que veiem a la nostra ciutat. Aquest projecte el treballem cooperativament.<br \/>\nEl dia 14 de febrer vam organitzar una taula d&#8217;experts amb l&#8217;objectiu que ens ajudessin a&hellip;  <a href=\"https:\/\/agora.xtec.cat\/ceip-canpuig\/general\/banyoles-ets-tu\/\" title=\"Read BANYOLES ETS TU\">Llegeix m\u00e9s\u00bb<\/a><\/p>\n","protected":false},"author":1,"featured_media":9503,"comment_status":"closed","ping_status":"closed","sticky":false,"template":"","format":"standard","meta":{"_bbp_topic_count":0,"_bbp_reply_count":0,"_bbp_total_topic_count":0,"_bbp_total_reply_count":0,"_bbp_voice_count":0,"_bbp_anonymous_reply_count":0,"_bbp_topic_count_hidden":0,"_bbp_reply_count_hidden":0,"_bbp_forum_subforum_count":0,"footnotes":""},"categories":[14,104,1,4],"tags":[],"class_list":["post-9498","post","type-post","status-publish","format-standard","has-post-thumbnail","hentry","category-5e","category-curs-2017-2018","category-general","category-portada"],"post_mailing_queue_ids":[],"_links":{"self":[{"href":"https:\/\/agora.xtec.cat\/ceip-canpuig\/wp-json\/wp\/v2\/posts\/9498","targetHints":{"allow":["GET"]}}],"collection":[{"href":"https:\/\/agora.xtec.cat\/ceip-canpuig\/wp-json\/wp\/v2\/posts"}],"about":[{"href":"https:\/\/agora.xtec.cat\/ceip-canpuig\/wp-json\/wp\/v2\/types\/post"}],"author":[{"embeddable":true,"href":"https:\/\/agora.xtec.cat\/ceip-canpuig\/wp-json\/wp\/v2\/users\/1"}],"replies":[{"embeddable":true,"href":"https:\/\/agora.xtec.cat\/ceip-canpuig\/wp-json\/wp\/v2\/comments?post=9498"}],"version-history":[{"count":3,"href":"https:\/\/agora.xtec.cat\/ceip-canpuig\/wp-json\/wp\/v2\/posts\/9498\/revisions"}],"predecessor-version":[{"id":9582,"href":"https:\/\/agora.xtec.cat\/ceip-canpuig\/wp-json\/wp\/v2\/posts\/9498\/revisions\/9582"}],"wp:featuredmedia":[{"embeddable":true,"href":"https:\/\/agora.xtec.cat\/ceip-canpuig\/wp-json\/wp\/v2\/media\/9503"}],"wp:attachment":[{"href":"https:\/\/agora.xtec.cat\/ceip-canpuig\/wp-json\/wp\/v2\/media?parent=9498"}],"wp:term":[{"taxonomy":"category","embeddable":true,"href":"https:\/\/agora.xtec.cat\/ceip-canpuig\/wp-json\/wp\/v2\/categories?post=9498"},{"taxonomy":"post_tag","embeddable":true,"href":"https:\/\/agora.xtec.cat\/ceip-canpuig\/wp-json\/wp\/v2\/tags?post=9498"}],"curies":[{"name":"wp","href":"https:\/\/api.w.org\/{rel}","templated":true}]}}