{"id":9471,"date":"2018-03-05T09:50:07","date_gmt":"2018-03-05T08:50:07","guid":{"rendered":"http:\/\/agora.xtec.cat\/ceip-canpuig\/?p=9471"},"modified":"2018-03-05T09:50:07","modified_gmt":"2018-03-05T08:50:07","slug":"sortida-ruta-del-traverti-3ra","status":"publish","type":"post","link":"https:\/\/agora.xtec.cat\/ceip-canpuig\/primaria\/sortida-ruta-del-traverti-3ra\/","title":{"rendered":"Sortida ruta del travert\u00ed 3rA"},"content":{"rendered":"<p>RUTA DEL TRAVERT\u00cd<br \/>\nEl dilluns 19 de febrer els nens I nenes de tercer vam anar a l\u2019Escola de Natura a fer la Ruta del Travert\u00ed. Vam fer reaccions qu\u00edmiques per veure que el travert\u00ed est\u00e0 format per guix i roques calc\u00e0ries. Vam fer f\u00f2ssils amb plastilina i guixos. Tamb\u00e9 vam anar a les Estunes, vam entrar a una de les esquerdes de travert\u00ed m\u00e9s grans. Vam anar-hi a peu i vam tornar amb el tren Pinxo.<\/p>\n<p><iframe loading=\"lazy\" src=\"https:\/\/player.vimeo.com\/video\/258577034\" width=\"640\" height=\"480\" frameborder=\"0\" webkitallowfullscreen mozallowfullscreen allowfullscreen><\/iframe><\/p>\n<p><a href=\"https:\/\/vimeo.com\/258577034\">Ruta travert&iacute; 3rA<\/a> from <a href=\"https:\/\/vimeo.com\/user78802208\">Escola Can Puig CM<\/a> on <a href=\"https:\/\/vimeo.com\">Vimeo<\/a>.<\/p>\n","protected":false},"excerpt":{"rendered":"<p>RUTA DEL TRAVERT\u00cd<br \/>\nEl dilluns 19 de febrer els nens I nenes de tercer vam anar a l\u2019Escola de Natura a fer la Ruta del Travert\u00ed. Vam fer reaccions qu\u00edmiques per veure que el travert\u00ed est\u00e0 format per guix i roques calc\u00e0ries. Vam fer f\u00f2ssils amb&hellip;  <a href=\"https:\/\/agora.xtec.cat\/ceip-canpuig\/primaria\/sortida-ruta-del-traverti-3ra\/\" title=\"Read Sortida ruta del travert\u00ed 3rA\">Llegeix m\u00e9s\u00bb<\/a><\/p>\n","protected":false},"author":1,"featured_media":9472,"comment_status":"closed","ping_status":"closed","sticky":false,"template":"","format":"standard","meta":{"_bbp_topic_count":0,"_bbp_reply_count":0,"_bbp_total_topic_count":0,"_bbp_total_reply_count":0,"_bbp_voice_count":0,"_bbp_anonymous_reply_count":0,"_bbp_topic_count_hidden":0,"_bbp_reply_count_hidden":0,"_bbp_forum_subforum_count":0,"footnotes":""},"categories":[12,5],"tags":[],"class_list":["post-9471","post","type-post","status-publish","format-standard","has-post-thumbnail","hentry","category-3r","category-primaria"],"post_mailing_queue_ids":[],"_links":{"self":[{"href":"https:\/\/agora.xtec.cat\/ceip-canpuig\/wp-json\/wp\/v2\/posts\/9471","targetHints":{"allow":["GET"]}}],"collection":[{"href":"https:\/\/agora.xtec.cat\/ceip-canpuig\/wp-json\/wp\/v2\/posts"}],"about":[{"href":"https:\/\/agora.xtec.cat\/ceip-canpuig\/wp-json\/wp\/v2\/types\/post"}],"author":[{"embeddable":true,"href":"https:\/\/agora.xtec.cat\/ceip-canpuig\/wp-json\/wp\/v2\/users\/1"}],"replies":[{"embeddable":true,"href":"https:\/\/agora.xtec.cat\/ceip-canpuig\/wp-json\/wp\/v2\/comments?post=9471"}],"version-history":[{"count":1,"href":"https:\/\/agora.xtec.cat\/ceip-canpuig\/wp-json\/wp\/v2\/posts\/9471\/revisions"}],"predecessor-version":[{"id":9473,"href":"https:\/\/agora.xtec.cat\/ceip-canpuig\/wp-json\/wp\/v2\/posts\/9471\/revisions\/9473"}],"wp:featuredmedia":[{"embeddable":true,"href":"https:\/\/agora.xtec.cat\/ceip-canpuig\/wp-json\/wp\/v2\/media\/9472"}],"wp:attachment":[{"href":"https:\/\/agora.xtec.cat\/ceip-canpuig\/wp-json\/wp\/v2\/media?parent=9471"}],"wp:term":[{"taxonomy":"category","embeddable":true,"href":"https:\/\/agora.xtec.cat\/ceip-canpuig\/wp-json\/wp\/v2\/categories?post=9471"},{"taxonomy":"post_tag","embeddable":true,"href":"https:\/\/agora.xtec.cat\/ceip-canpuig\/wp-json\/wp\/v2\/tags?post=9471"}],"curies":[{"name":"wp","href":"https:\/\/api.w.org\/{rel}","templated":true}]}}