{"id":9451,"date":"2018-02-23T12:24:55","date_gmt":"2018-02-23T11:24:55","guid":{"rendered":"http:\/\/agora.xtec.cat\/ceip-canpuig\/?p=9451"},"modified":"2018-02-23T12:26:15","modified_gmt":"2018-02-23T11:26:15","slug":"visitem-el-monestir-de-sant-esteve-de-banyoles","status":"publish","type":"post","link":"https:\/\/agora.xtec.cat\/ceip-canpuig\/general\/visitem-el-monestir-de-sant-esteve-de-banyoles\/","title":{"rendered":"VISITEM EL MONESTIR DE SANT ESTEVE DE BANYOLES"},"content":{"rendered":"<p>Els alumnes de 2n hem anat dos dimarts seguits a visitar el monestir de Sant Esteve de Banyoles. La primera setmana, vam observar-ne la fa\u00e7ana des de fora i en vam fer un dibuix, i el dimarts passat vam entrar dins l&#8217;esgl\u00e8sia i el claustre, on vam poder veure l&#8217;arqueta de Sant Martiri\u00e0 i con\u00e8ixer-ne un munt de coses. <\/p>\n<p>Ens ho vam passar molt b\u00e9!<\/p>\n<p><iframe loading=\"lazy\" src=\"https:\/\/player.vimeo.com\/video\/257110782\" width=\"640\" height=\"480\" frameborder=\"0\" webkitallowfullscreen mozallowfullscreen allowfullscreen><\/iframe><\/p>\n<p><a href=\"https:\/\/vimeo.com\/257110782\">VISITA AL MONESTIR<\/a> from <a href=\"https:\/\/vimeo.com\/user78802151\">Escola Can Puig CI<\/a> on <a href=\"https:\/\/vimeo.com\">Vimeo<\/a>.<\/p>\n","protected":false},"excerpt":{"rendered":"<p>Els alumnes de 2n hem anat dos dimarts seguits a visitar el monestir de Sant Esteve de Banyoles. La primera setmana, vam observar-ne la fa\u00e7ana des de fora i en vam fer un dibuix, i el dimarts passat vam entrar dins l&#8217;esgl\u00e8sia i el claustre,&hellip;  <a href=\"https:\/\/agora.xtec.cat\/ceip-canpuig\/general\/visitem-el-monestir-de-sant-esteve-de-banyoles\/\" title=\"Read VISITEM EL MONESTIR DE SANT ESTEVE DE BANYOLES\">Llegeix m\u00e9s\u00bb<\/a><\/p>\n","protected":false},"author":1,"featured_media":9452,"comment_status":"closed","ping_status":"closed","sticky":false,"template":"","format":"standard","meta":{"_bbp_topic_count":0,"_bbp_reply_count":0,"_bbp_total_topic_count":0,"_bbp_total_reply_count":0,"_bbp_voice_count":0,"_bbp_anonymous_reply_count":0,"_bbp_topic_count_hidden":0,"_bbp_reply_count_hidden":0,"_bbp_forum_subforum_count":0,"footnotes":""},"categories":[11,104,1,5],"tags":[],"class_list":["post-9451","post","type-post","status-publish","format-standard","has-post-thumbnail","hentry","category-2n","category-curs-2017-2018","category-general","category-primaria"],"post_mailing_queue_ids":[],"_links":{"self":[{"href":"https:\/\/agora.xtec.cat\/ceip-canpuig\/wp-json\/wp\/v2\/posts\/9451","targetHints":{"allow":["GET"]}}],"collection":[{"href":"https:\/\/agora.xtec.cat\/ceip-canpuig\/wp-json\/wp\/v2\/posts"}],"about":[{"href":"https:\/\/agora.xtec.cat\/ceip-canpuig\/wp-json\/wp\/v2\/types\/post"}],"author":[{"embeddable":true,"href":"https:\/\/agora.xtec.cat\/ceip-canpuig\/wp-json\/wp\/v2\/users\/1"}],"replies":[{"embeddable":true,"href":"https:\/\/agora.xtec.cat\/ceip-canpuig\/wp-json\/wp\/v2\/comments?post=9451"}],"version-history":[{"count":3,"href":"https:\/\/agora.xtec.cat\/ceip-canpuig\/wp-json\/wp\/v2\/posts\/9451\/revisions"}],"predecessor-version":[{"id":9455,"href":"https:\/\/agora.xtec.cat\/ceip-canpuig\/wp-json\/wp\/v2\/posts\/9451\/revisions\/9455"}],"wp:featuredmedia":[{"embeddable":true,"href":"https:\/\/agora.xtec.cat\/ceip-canpuig\/wp-json\/wp\/v2\/media\/9452"}],"wp:attachment":[{"href":"https:\/\/agora.xtec.cat\/ceip-canpuig\/wp-json\/wp\/v2\/media?parent=9451"}],"wp:term":[{"taxonomy":"category","embeddable":true,"href":"https:\/\/agora.xtec.cat\/ceip-canpuig\/wp-json\/wp\/v2\/categories?post=9451"},{"taxonomy":"post_tag","embeddable":true,"href":"https:\/\/agora.xtec.cat\/ceip-canpuig\/wp-json\/wp\/v2\/tags?post=9451"}],"curies":[{"name":"wp","href":"https:\/\/api.w.org\/{rel}","templated":true}]}}